{"id":222493,"date":"2025-06-24T09:33:31","date_gmt":"2025-06-24T16:33:31","guid":{"rendered":"https:\/\/rnoticias.com.mx\/Portal\/?p=222493"},"modified":"2025-06-24T09:33:31","modified_gmt":"2025-06-24T16:33:31","slug":"reportan-asesinato-del-periodista-shalom-salomon-en-puebla","status":"publish","type":"post","link":"https:\/\/rnoticias.com.mx\/Portal\/2025\/06\/24\/reportan-asesinato-del-periodista-shalom-salomon-en-puebla\/","title":{"rendered":"Reportan asesinato del periodista Shalom Salom\u00f3n en Puebla"},"content":{"rendered":"<p>El comunicador poblano<strong>\u00a0Shalom Salom\u00f3n Ordo\u00f1ez fue asesinado a tiros la noche de ayer lunes en el municipio de Cuetzalan.<\/strong><\/p>\n<p>Los hechos ocurrieron en la comunidad de Pahpatapan donde el tambi\u00e9n fot\u00f3grafo recibi\u00f3 al menos dos impactos de bala.<\/p>\n<p>La v\u00edctima -fundador de la p\u00e1gina de Facebook Shalom Cuetzalan Producciones- fue auxiliado por familiares, quienes lo trasladaron a un hospital de la zona donde se report\u00f3 su fallecimiento.<\/p>\n<p>El Ayuntamiento de Cuetzalan lament\u00f3 el crimen y asegur\u00f3 que la Fiscal\u00eda General del Estado investiga el caso.<\/p>\n<p><strong><em>\u201cEn este momento el asunto est\u00e1 siendo atendido por la Fiscal\u00eda General del Estado De Puebla que es la autoridad competente para llevar a cabo las investigaciones, esclarecer lo sucedido y llevar al o los responsables ante las instancias correspondientes para su sanci\u00f3n\u201d,\u00a0<\/em><\/strong>dijo en un comunicado de prensa.<\/p>\n<p>El asesinato del comunicador caus\u00f3 conmoci\u00f3n en ese municipio, donde diversos actores sociales, culturales y pol\u00edticos lamentaron su crimen.<\/p>\n<p>&nbsp;<\/p>\n<p>&nbsp;<\/p>\n<p>El Universal<\/p>\n","protected":false},"excerpt":{"rendered":"<p>El comunicador poblano\u00a0Shalom Salom\u00f3n Ordo\u00f1ez fue asesinado a tiros la noche de ayer lunes en el municipio de Cuetzalan. Los hechos ocurrieron en la comunidad de Pahpatapan donde el tambi\u00e9n fot\u00f3grafo recibi\u00f3 al menos dos impactos de bala. La v\u00edctima -fundador de la p\u00e1gina de Facebook Shalom Cuetzalan Producciones- fue auxiliado por familiares, quienes lo [&hellip;]<\/p>\n","protected":false},"author":2,"featured_media":222494,"comment_status":"closed","ping_status":"closed","sticky":false,"template":"","format":"standard","meta":{"footnotes":""},"categories":[12870,172],"tags":[12865,12874],"class_list":["post-222493","post","type-post","status-publish","format-standard","has-post-thumbnail","hentry","category-destacadas","category-nacional","tag-destacadas","tag-nacional"],"jetpack_featured_media_url":"https:\/\/rnoticias.com.mx\/Portal\/wp-content\/uploads\/2025\/06\/shalom-salomon-ordonez-fundador-shalom.jpg","amp_enabled":true,"_links":{"self":[{"href":"https:\/\/rnoticias.com.mx\/Portal\/wp-json\/wp\/v2\/posts\/222493","targetHints":{"allow":["GET"]}}],"collection":[{"href":"https:\/\/rnoticias.com.mx\/Portal\/wp-json\/wp\/v2\/posts"}],"about":[{"href":"https:\/\/rnoticias.com.mx\/Portal\/wp-json\/wp\/v2\/types\/post"}],"author":[{"embeddable":true,"href":"https:\/\/rnoticias.com.mx\/Portal\/wp-json\/wp\/v2\/users\/2"}],"replies":[{"embeddable":true,"href":"https:\/\/rnoticias.com.mx\/Portal\/wp-json\/wp\/v2\/comments?post=222493"}],"version-history":[{"count":1,"href":"https:\/\/rnoticias.com.mx\/Portal\/wp-json\/wp\/v2\/posts\/222493\/revisions"}],"predecessor-version":[{"id":222495,"href":"https:\/\/rnoticias.com.mx\/Portal\/wp-json\/wp\/v2\/posts\/222493\/revisions\/222495"}],"wp:featuredmedia":[{"embeddable":true,"href":"https:\/\/rnoticias.com.mx\/Portal\/wp-json\/wp\/v2\/media\/222494"}],"wp:attachment":[{"href":"https:\/\/rnoticias.com.mx\/Portal\/wp-json\/wp\/v2\/media?parent=222493"}],"wp:term":[{"taxonomy":"category","embeddable":true,"href":"https:\/\/rnoticias.com.mx\/Portal\/wp-json\/wp\/v2\/categories?post=222493"},{"taxonomy":"post_tag","embeddable":true,"href":"https:\/\/rnoticias.com.mx\/Portal\/wp-json\/wp\/v2\/tags?post=222493"}],"curies":[{"name":"wp","href":"https:\/\/api.w.org\/{rel}","templated":true}]}}