{"id":222487,"date":"2025-06-24T09:29:18","date_gmt":"2025-06-24T16:29:18","guid":{"rendered":"https:\/\/rnoticias.com.mx\/Portal\/?p=222487"},"modified":"2025-06-24T09:29:18","modified_gmt":"2025-06-24T16:29:18","slug":"sergio-andrade-reaparece-y-comparte-nueva-cancion","status":"publish","type":"post","link":"https:\/\/rnoticias.com.mx\/Portal\/2025\/06\/24\/sergio-andrade-reaparece-y-comparte-nueva-cancion\/","title":{"rendered":"Sergio Andrade reaparece y comparte nueva canci\u00f3n"},"content":{"rendered":"<p class=\"ei-articleBody__StyledText-sc-1wmd47a-1 gXgyFY body-paragraph ei-article-body-text\"><b>Sergio Andrade<\/b>, conocido productor musical y figura central en uno de los esc\u00e1ndalos m\u00e1s pol\u00e9micos del espect\u00e1culo mexicano,\u00a0<b>reapareci\u00f3 p\u00fablicamente en redes sociales<\/b>\u00a0luego de a\u00f1os de mantenerse alejado del ojo p\u00fablico. Su regreso ocurre poco despu\u00e9s de que<b>\u00a0su hija<\/b>,\u00a0<b>Valentina de la Cuesta<\/b>,<b>\u00a0abandonara M\u00e9xico<\/b>\u00a0por motivos de seguridad.<\/p>\n<div class=\"jeg_ad jeg_ad_article jnews_content_inline_ads  \"><\/div>\n<p class=\"ei-articleBody__StyledText-sc-1wmd47a-1 gXgyFY body-paragraph ei-article-body-text\"><span class=\"selectable-text copyable-text xkrh14z\">Despu\u00e9s de una prolongada ausencia,\u00a0Andrade sorprendi\u00f3 a sus seguidores\u00a0al publicar en su canal de YouTube un mensaje en el que\u00a0anuncia su regreso como compositor. Acompa\u00f1\u00f3 la noticia con el lanzamiento de un nuevo tema titulado\u00a0\u201cAnda pint\u00e1ndose m\u00e1s\u201d.<\/span><\/p>\n<div class=\"ei-recommendedCard__RecommendedCardContainer-sc-1walexe-0 iVyGSc ei-recommended-card-container\">\n<blockquote class=\"ei-articleBodyBlockquote__BlockquoteContainer-sc-1cfj0bi-0 dPqJQU ei-blockquote-ctn\" cite=\"https:\/\/www.elimparcial.com\/espectaculos\/2025\/06\/21\/sergio-andrade-reaparece-con-nueva-cancion-tras-anos-de-silencio-despues-de-que-su-hija-valentina-de-la-cuesta-escapo-de-mexico\/escribi%C3%B3%20el%20productor.\">\n<p class=\"secondary-font__SecondaryFontStyles-sc-xwub3d-0 jGKTtR\">Luego de a\u00f1os muy lejos de muchas cosas, he vuelto a escribir canciones con el entusiasmo y la esperanza de aquellos tiempos en que la m\u00fasica, las letras, el piano, los arreglos orquestales y los poemas eran mi vida, mi ilusi\u00f3n, el aire que respiraba\u2026\u201d<\/p>\n<p><span class=\"primary-font__PrimaryFontStyles-sc-lvjzch-0 caoNlJ citation-text\">\u2014 \u00a0escribi\u00f3 el productor.<\/span><\/p><\/blockquote>\n<p class=\"ei-articleBody__StyledText-sc-1wmd47a-1 gXgyFY body-paragraph ei-article-body-text\">Aunque\u00a0<b>no dio detalles sobre su nuevo proyecto<\/b>, Andrade aprovech\u00f3 el espacio para agradecer la oportunidad de volver a crear.<\/p>\n<p class=\"secondary-font__SecondaryFontStyles-sc-xwub3d-0 jGKTtR\">Le agradezco a Dios esta nueva oportunidad de expresar sentimientos y emociones para establecer comunicaci\u00f3n con el mundo por medio de lo m\u00e1s noble que hay para alimentar el esp\u00edritu: ese bueno, eterno, maravilloso compa\u00f1ero de la Humanidad: el ARTE\u2026!\u201d<\/p>\n<p class=\"ei-articleBody__StyledText-sc-1wmd47a-1 gXgyFY body-paragraph ei-article-body-text\">La reaparici\u00f3n de Sergio Andrade ocurre en un contexto sensible: pocos d\u00edas antes,\u00a0<b>su hija Valentina de la Cuesta<\/b>, fruto de su relaci\u00f3n con Karla de la Cuesta,\u00a0<b>abandon\u00f3 el pa\u00eds por razones de seguridad personal.<\/b><\/p>\n<p class=\"ei-articleBody__StyledText-sc-1wmd47a-1 gXgyFY body-paragraph ei-article-body-text\"><b>Valentina<\/b>, quien es influencer y participa en el p\u00f3dcast Tecito de Calz\u00f3n,\u00a0<b>fue mencionada por sus compa\u00f1eras<\/b>\u00a0del programa el pasado 30 de mayo,\u00a0<b>confirmando que hab\u00eda salido de M\u00e9xico debido a amenazas<\/b>\u00a0y situaciones que pusieron en riesgo su integridad.<\/p>\n<p class=\"ei-articleBody__StyledText-sc-1wmd47a-1 gXgyFY body-paragraph ei-article-body-text\">Tiempo despu\u00e9s,<b>\u00a0la joven rompi\u00f3 el silencio<\/b>\u00a0a trav\u00e9s de sus redes sociales, donde explic\u00f3 parte de lo que vivi\u00f3:<\/p>\n<blockquote class=\"ei-articleBodyBlockquote__BlockquoteContainer-sc-1cfj0bi-0 dPqJQU ei-blockquote-ctn\" cite=\"https:\/\/www.elimparcial.com\/espectaculos\/2025\/06\/21\/sergio-andrade-reaparece-con-nueva-cancion-tras-anos-de-silencio-despues-de-que-su-hija-valentina-de-la-cuesta-escapo-de-mexico\/escribi%C3%B3%20en%20Instagram.\">\n<p class=\"secondary-font__SecondaryFontStyles-sc-xwub3d-0 jGKTtR\">Si no he denunciado p\u00fablicamente las agresiones tan inhumanas que estamos viviendo por los ataques de estas personas es porque no s\u00e9 a d\u00f3nde puedan ser capaces de llegar. Nos han quitado todo ya. \u00bfFalta la vida? No lo s\u00e9. Por eso no he declarado nada, ni lo har\u00e9, porque me muero de miedo\u201c<\/p>\n<p><span class=\"primary-font__PrimaryFontStyles-sc-lvjzch-0 caoNlJ citation-text\">\u2014 \u00a0escribi\u00f3 en Instagram.<\/span><\/p><\/blockquote>\n<p class=\"ei-articleBody__StyledText-sc-1wmd47a-1 gXgyFY body-paragraph ei-article-body-text\">Valentina\u00a0<b>no revel\u00f3 los nombres de los responsables<\/b>\u00a0ni dio detalles espec\u00edficos, pero dio a entender que<b>\u00a0todo podr\u00eda estar relacionado con el caso del llamado Clan Trevi-Andrade<\/b>, una red de abuso que involucr\u00f3 a Sergio Andrade, Gloria Trevi y Mary Boquitas en los a\u00f1os 90.<\/p>\n<\/div>\n","protected":false},"excerpt":{"rendered":"<p>Sergio Andrade, conocido productor musical y figura central en uno de los esc\u00e1ndalos m\u00e1s pol\u00e9micos del espect\u00e1culo mexicano,\u00a0reapareci\u00f3 p\u00fablicamente en redes sociales\u00a0luego de a\u00f1os de mantenerse alejado del ojo p\u00fablico. Su regreso ocurre poco despu\u00e9s de que\u00a0su hija,\u00a0Valentina de la Cuesta,\u00a0abandonara M\u00e9xico\u00a0por motivos de seguridad. Despu\u00e9s de una prolongada ausencia,\u00a0Andrade sorprendi\u00f3 a sus seguidores\u00a0al publicar [&hellip;]<\/p>\n","protected":false},"author":2,"featured_media":222488,"comment_status":"closed","ping_status":"closed","sticky":false,"template":"","format":"standard","meta":{"footnotes":""},"categories":[12870,219],"tags":[12865,12875],"class_list":["post-222487","post","type-post","status-publish","format-standard","has-post-thumbnail","hentry","category-destacadas","category-espectaculos","tag-destacadas","tag-espectaculos"],"jetpack_featured_media_url":"https:\/\/rnoticias.com.mx\/Portal\/wp-content\/uploads\/2025\/06\/f425x230-915650_929632_5050.webp","amp_enabled":true,"_links":{"self":[{"href":"https:\/\/rnoticias.com.mx\/Portal\/wp-json\/wp\/v2\/posts\/222487","targetHints":{"allow":["GET"]}}],"collection":[{"href":"https:\/\/rnoticias.com.mx\/Portal\/wp-json\/wp\/v2\/posts"}],"about":[{"href":"https:\/\/rnoticias.com.mx\/Portal\/wp-json\/wp\/v2\/types\/post"}],"author":[{"embeddable":true,"href":"https:\/\/rnoticias.com.mx\/Portal\/wp-json\/wp\/v2\/users\/2"}],"replies":[{"embeddable":true,"href":"https:\/\/rnoticias.com.mx\/Portal\/wp-json\/wp\/v2\/comments?post=222487"}],"version-history":[{"count":1,"href":"https:\/\/rnoticias.com.mx\/Portal\/wp-json\/wp\/v2\/posts\/222487\/revisions"}],"predecessor-version":[{"id":222489,"href":"https:\/\/rnoticias.com.mx\/Portal\/wp-json\/wp\/v2\/posts\/222487\/revisions\/222489"}],"wp:featuredmedia":[{"embeddable":true,"href":"https:\/\/rnoticias.com.mx\/Portal\/wp-json\/wp\/v2\/media\/222488"}],"wp:attachment":[{"href":"https:\/\/rnoticias.com.mx\/Portal\/wp-json\/wp\/v2\/media?parent=222487"}],"wp:term":[{"taxonomy":"category","embeddable":true,"href":"https:\/\/rnoticias.com.mx\/Portal\/wp-json\/wp\/v2\/categories?post=222487"},{"taxonomy":"post_tag","embeddable":true,"href":"https:\/\/rnoticias.com.mx\/Portal\/wp-json\/wp\/v2\/tags?post=222487"}],"curies":[{"name":"wp","href":"https:\/\/api.w.org\/{rel}","templated":true}]}}