{"id":222471,"date":"2025-06-24T09:16:45","date_gmt":"2025-06-24T16:16:45","guid":{"rendered":"https:\/\/rnoticias.com.mx\/Portal\/?p=222471"},"modified":"2025-06-24T09:16:45","modified_gmt":"2025-06-24T16:16:45","slug":"amurallan-la-haya-ante-conflictos-en-medio-oriente","status":"publish","type":"post","link":"https:\/\/rnoticias.com.mx\/Portal\/2025\/06\/24\/amurallan-la-haya-ante-conflictos-en-medio-oriente\/","title":{"rendered":"Amurallan La Haya ante conflictos en Medio Oriente"},"content":{"rendered":"<p>Con las acciones militares de Israel en Medio Oriente como preocupaci\u00f3n adicional, la capital de la justicia internacional inici\u00f3 a partir de la hora cero de este martes la mayor operaci\u00f3n de seguridad en la historia de\u00a0<strong>Pa\u00edses Bajos.<\/strong><\/p>\n<p>Para el denominado\u00a0<strong><em>\u201cD\u00eda D\u201d<\/em><\/strong>\u00a0en el calendario naranja, la polic\u00eda holandesa comenz\u00f3 los preparativos a peque\u00f1a escala hace dos a\u00f1os. Ahora, trabaja en todos los \u00e1mbitos a\u00e9reo, terrestre, naval y cibern\u00e9tico.<\/p>\n<p>Se trata de un gigantesco rompecabezas log\u00edstico y de seguridad, y que en palabras de Willem Woelders, comandante de la Polic\u00eda Nacional para Operaciones Especiales y a Gran Escala (NSGBO por sus siglas en neerland\u00e9s), tiene todas las piezas en su sitio.<\/p>\n<div id=\"eldia-2073963845\" class=\"eldia-contenido eldia-target\" data-eldia-trackid=\"1573641\" data-eldia-trackbid=\"1\"><\/div>\n<div id=\"eldia-1064375418\" class=\"eldia-contenido-2 eldia-target\" data-eldia-trackid=\"1765657\" data-eldia-trackbid=\"1\"><\/div>\n<p>La misi\u00f3n, afirma Pieter-Jaap Aalbersberg, coordinador para la Lucha contra el Terrorismo y la Seguridad Nacional de Pa\u00edses Bajos, es garantizar la seguridad de los \u201c150 VIPs\u201d invitados a la cumbre de la OTAN.<\/p>\n<p><em><strong>\u201cDebemos dar seguridad a poco menos de 50 Jefes de Gobierno, 50 Ministros de Defensa y 50 Ministros de Exteriores. Todos deben llegar seguros a La Haya, pasar la noche en hotel y volver a su destino. Esto requiere de una enorme operaci\u00f3n log\u00edstica\u201d.<\/strong><\/em><\/p>\n<h2 class=\"wp-block-heading\">Operaci\u00f3n Escudo Naranja en La Haya<\/h2>\n<p>Para alcanzar dicho objetivo se puso en marcha la Operaci\u00f3n Escudo Naranja, la cual involucra a cinco mil militares y reservistas, as\u00ed como a 27 mil polic\u00edas, casi la mitad del cuerpo polic\u00edaco nacional.<\/p>\n<div class=\"stream-item stream-item-in-post stream-item-inline-post aligncenter\">\n<div class=\"stream-item-size\"><\/div>\n<\/div>\n<p>El espacio a\u00e9reo, cerrado a la aviaci\u00f3n, es resguardado por helic\u00f3pteros de combate Apache, un escuadr\u00f3n de aviones F-35 y bater\u00edas de misiles antia\u00e9reos tipo Patriot y Nasams ubicados en seis puntos estrat\u00e9gicos.<\/p>\n<p>En tanto que la seguridad costera es responsabilidad de siete fragatas, mientras que los canales son patrullados y vigilados con lanchas r\u00e1pidas y buzos expertos en el manejo de explosivos.<\/p>\n<p>La ministerial tiene lugar en el centro de conferencias conocido como el Foro Mundial. Localizado frente a lo que un d\u00eda fue el Tribunal Penal Internacional para la ex Yugoslavia, el recinto se encuentra amurallado con un per\u00edmetro de seguridad que abarca cinco kil\u00f3metros.<\/p>\n<p>Dentro de este espacio, cercado con vallas met\u00e1licas, cortes viales con enormes mont\u00edculos de hormig\u00f3n, francotiradores en las azoteas, perros polic\u00edas especializados en detonantes y elementos de las fuerzas especiales armados con armas de alto calibre, toda persona est\u00e1 obligada a legitimar su presencia a trav\u00e9s de varios filtros, equipados con detectores de metales, reconocimiento facial y dispositivos de c\u00f3digo QR.<\/p>\n<p>Como medida adicional, desde el 18 de junio y hasta el 25 de junio, el uso de drones est\u00e1 prohibido en un radio de m\u00e1s de 16 kil\u00f3metros alrededor de la Haya. Tampoco pueden usarse estos artefactos a\u00e9reos en los alrededores del aeropuerto internacional de Schiphol y los de R\u00f3terdam y La Haya.<\/p>\n<h2 class=\"wp-block-heading\">\u00bfQu\u00e9 amenaza la cumbre la ONU?<\/h2>\n<p>Si bien Aalbersberg dijo no tener evidencias de\u00a0<strong><em>\u201cpeligro inminente<\/em><\/strong>\u201c, asegur\u00f3 que nada puede descartarse ante el contexto geopol\u00edtico internacional y las cuatro amenazas que suelen aflorar en los eventos de relevancia planetaria.<\/p>\n<p>La primera, explica, es la amenaza individual sobre los l\u00edderes mundiales, que es elevada y permanente; la segunda es la terrorista, que en Holanda se encuentra en nivel cuatro de cinco y que se ha intensificado como resultado de las acciones militares de Israel en Medio Oriente.<\/p>\n<p>Otra tiene que ver con el espionaje, la desinformaci\u00f3n y el espacio cibern\u00e9tico, y la finalmente est\u00e1n las manifestaciones potenciales.<\/p>\n<p>La organizaci\u00f3n que representa los intereses de la comunidad LGBT (COC), ha convocado para este martes una manifestaci\u00f3n en protesta por los discursos de odio del presidente estadounidense Donald Trump y el premier h\u00fangaro Viktor Orb\u00e1n.<\/p>\n<p>En tanto que el movimiento Extinction Rebellion, intentar\u00e1 bloquear la autopista A12 que conecta a La Haya con la frontera alemana. Exigen fin al genocidio en Gaza, el racismo, el fascismo y el uso de los combustibles f\u00f3siles.<\/p>\n<p><strong><em>\u201cTenemos que ser capaces de reaccionar con rapidez\u201d,<\/em><\/strong>\u00a0dice el Mayor Bram Wieser.\u00a0<strong><em>\u201cPa\u00edses Bajos es un pa\u00eds peque\u00f1o, as\u00ed que tenemos que ser capaces de intervenir de inmediato. Por eso tambi\u00e9n estamos colaborando con los pa\u00edses vecinos. Nos mantienen informados de cualquier amenaza inminente\u201d.<\/em><\/strong><\/p>\n<p><strong><em>\u201cLa presi\u00f3n es muy alta. Hay mucho en juego. Todos los recursos a nuestra disposici\u00f3n est\u00e1n en alerta m\u00e1xima\u201d<\/em><\/strong>, precisa.<\/p>\n<p>El lunes, el servicio que utilizan los municipios y las provincias de Holanda para publicar mensajes oficiales fue objeto de un ataque digital. Entre las entidades afectadas estuvo La Haya.<\/p>\n<p>La interrupci\u00f3n podr\u00eda ser obra del grupo de hackers prorrusos NoName05716, quien se adjudic\u00f3 el incidente a trav\u00e9s de su canal de Telegram.<\/p>\n<p>&nbsp;<\/p>\n<p>El Universal<\/p>\n","protected":false},"excerpt":{"rendered":"<p>Con las acciones militares de Israel en Medio Oriente como preocupaci\u00f3n adicional, la capital de la justicia internacional inici\u00f3 a partir de la hora cero de este martes la mayor operaci\u00f3n de seguridad en la historia de\u00a0Pa\u00edses Bajos. Para el denominado\u00a0\u201cD\u00eda D\u201d\u00a0en el calendario naranja, la polic\u00eda holandesa comenz\u00f3 los preparativos a peque\u00f1a escala hace [&hellip;]<\/p>\n","protected":false},"author":2,"featured_media":222472,"comment_status":"closed","ping_status":"closed","sticky":false,"template":"","format":"standard","meta":{"footnotes":""},"categories":[12870,182],"tags":[12865,12871],"class_list":["post-222471","post","type-post","status-publish","format-standard","has-post-thumbnail","hentry","category-destacadas","category-internacional","tag-destacadas","tag-internacional"],"jetpack_featured_media_url":"https:\/\/rnoticias.com.mx\/Portal\/wp-content\/uploads\/2025\/06\/562000011359601.JPEG.webp","amp_enabled":true,"_links":{"self":[{"href":"https:\/\/rnoticias.com.mx\/Portal\/wp-json\/wp\/v2\/posts\/222471","targetHints":{"allow":["GET"]}}],"collection":[{"href":"https:\/\/rnoticias.com.mx\/Portal\/wp-json\/wp\/v2\/posts"}],"about":[{"href":"https:\/\/rnoticias.com.mx\/Portal\/wp-json\/wp\/v2\/types\/post"}],"author":[{"embeddable":true,"href":"https:\/\/rnoticias.com.mx\/Portal\/wp-json\/wp\/v2\/users\/2"}],"replies":[{"embeddable":true,"href":"https:\/\/rnoticias.com.mx\/Portal\/wp-json\/wp\/v2\/comments?post=222471"}],"version-history":[{"count":2,"href":"https:\/\/rnoticias.com.mx\/Portal\/wp-json\/wp\/v2\/posts\/222471\/revisions"}],"predecessor-version":[{"id":222474,"href":"https:\/\/rnoticias.com.mx\/Portal\/wp-json\/wp\/v2\/posts\/222471\/revisions\/222474"}],"wp:featuredmedia":[{"embeddable":true,"href":"https:\/\/rnoticias.com.mx\/Portal\/wp-json\/wp\/v2\/media\/222472"}],"wp:attachment":[{"href":"https:\/\/rnoticias.com.mx\/Portal\/wp-json\/wp\/v2\/media?parent=222471"}],"wp:term":[{"taxonomy":"category","embeddable":true,"href":"https:\/\/rnoticias.com.mx\/Portal\/wp-json\/wp\/v2\/categories?post=222471"},{"taxonomy":"post_tag","embeddable":true,"href":"https:\/\/rnoticias.com.mx\/Portal\/wp-json\/wp\/v2\/tags?post=222471"}],"curies":[{"name":"wp","href":"https:\/\/api.w.org\/{rel}","templated":true}]}}