{"id":222465,"date":"2025-06-24T08:46:16","date_gmt":"2025-06-24T15:46:16","guid":{"rendered":"https:\/\/rnoticias.com.mx\/Portal\/?p=222465"},"modified":"2025-06-24T08:46:16","modified_gmt":"2025-06-24T15:46:16","slug":"estudiantes-del-tec-culminan-su-formacion-y-se-preparan-para-transformar-el-futuro","status":"publish","type":"post","link":"https:\/\/rnoticias.com.mx\/Portal\/2025\/06\/24\/estudiantes-del-tec-culminan-su-formacion-y-se-preparan-para-transformar-el-futuro\/","title":{"rendered":"Estudiantes del Tec culminan su formaci\u00f3n y se preparan para transformar el futuro"},"content":{"rendered":"<p style=\"font-weight: 400;\"><strong><em>Hermosillo, Sonora a 24 de junio 2025.-<\/em><\/strong>\u00a0El Tecnol\u00f3gico de Monterrey, campus XX, celebr\u00f3 la ceremonia de entrega de t\u00edtulos profesionales y grados acad\u00e9micos para la Generaci\u00f3n Junio 2025. En total, 164 estudiantes de profesional y posgrado recibir\u00e1n su t\u00edtulo de manos de las autoridades de la Instituci\u00f3n.<\/p>\n<p style=\"font-weight: 400;\">Este a\u00f1o, la Generaci\u00f3n Junio 2025 de profesional en campus Sonora Norte se conforma por:<\/p>\n<ul style=\"font-weight: 400;\">\n<li>60 estudiantes de la Escuela de Ingenier\u00eda y Ciencias (EIC)<\/li>\n<li>61 de la Escuela de Negocios (EN)<\/li>\n<li>43 de la Escuela de Arquitectura, Arte y Dise\u00f1o (EAAD)<\/li>\n<\/ul>\n<p style=\"font-weight: 400;\">En posgrado, 10 estudiantes recibieron su grado acad\u00e9mico.<\/p>\n<p style=\"font-weight: 400;\">Durante la ceremonia, se cont\u00f3 con la participaci\u00f3n del EXATEC Jos\u00e9 Luis Gonz\u00e1lez \u00cd\u00f1igo, presidente del consejo de administraci\u00f3n de Charros de Jalisco, como orador hu\u00e9sped, quien dirigi\u00f3 un mensaje a las y los j\u00f3venes.<\/p>\n<p style=\"font-weight: 400;\">\u201cMientras m\u00e1s pronto en su vida aprendan a compartir, m\u00e1s pronto sentir\u00e1n esa enorme satisfacci\u00f3n muy diferente a los negocios y muy diferente a la vida mundana,\u201d expres\u00f3.<\/p>\n<p style=\"font-weight: 400;\">Por otro lado, Mateo Arredondo, vicepresidente de la Regi\u00f3n Noroeste del Tec de Monterrey, comparti\u00f3, con los ahora EXATEC un mensaje en donde resalt\u00f3 que ahora son ellas y ellos quienes tienen en sus manos el poder de inspirar y transformar a las comunidades que est\u00e1n a punto de impactar.<\/p>\n<p style=\"font-weight: 400;\">\u201cTomen el rol de protagonistas de su vida, pero tambi\u00e9n de la vida de los dem\u00e1s. Piensen muy bien cu\u00e1l es el compromiso que est\u00e1n dispuestas y dispuestos a hacer consigo mismas, consigo mismos, con la comunidad, con M\u00e9xico y con el mundo,\u201d a\u00f1adi\u00f3 Arredondo.<\/p>\n<p style=\"font-weight: 400;\">A trav\u00e9s de esta ceremonia, el Tecnol\u00f3gico de Monterrey refrenda su compromiso con impulsar a una comunidad que imagina, investiga, emprende, construye y lidera soluciones para transformar la realidad.<\/p>\n","protected":false},"excerpt":{"rendered":"<p>Hermosillo, Sonora a 24 de junio 2025.-\u00a0El Tecnol\u00f3gico de Monterrey, campus XX, celebr\u00f3 la ceremonia de entrega de t\u00edtulos profesionales y grados acad\u00e9micos para la Generaci\u00f3n Junio 2025. En total, 164 estudiantes de profesional y posgrado recibir\u00e1n su t\u00edtulo de manos de las autoridades de la Instituci\u00f3n. Este a\u00f1o, la Generaci\u00f3n Junio 2025 de profesional [&hellip;]<\/p>\n","protected":false},"author":2,"featured_media":222466,"comment_status":"closed","ping_status":"closed","sticky":false,"template":"","format":"standard","meta":{"footnotes":""},"categories":[12870,178],"tags":[12865,12869],"class_list":["post-222465","post","type-post","status-publish","format-standard","has-post-thumbnail","hentry","category-destacadas","category-local","tag-destacadas","tag-local"],"jetpack_featured_media_url":"https:\/\/rnoticias.com.mx\/Portal\/wp-content\/uploads\/2025\/06\/IMG_4758-scaled.jpg","amp_enabled":true,"_links":{"self":[{"href":"https:\/\/rnoticias.com.mx\/Portal\/wp-json\/wp\/v2\/posts\/222465","targetHints":{"allow":["GET"]}}],"collection":[{"href":"https:\/\/rnoticias.com.mx\/Portal\/wp-json\/wp\/v2\/posts"}],"about":[{"href":"https:\/\/rnoticias.com.mx\/Portal\/wp-json\/wp\/v2\/types\/post"}],"author":[{"embeddable":true,"href":"https:\/\/rnoticias.com.mx\/Portal\/wp-json\/wp\/v2\/users\/2"}],"replies":[{"embeddable":true,"href":"https:\/\/rnoticias.com.mx\/Portal\/wp-json\/wp\/v2\/comments?post=222465"}],"version-history":[{"count":1,"href":"https:\/\/rnoticias.com.mx\/Portal\/wp-json\/wp\/v2\/posts\/222465\/revisions"}],"predecessor-version":[{"id":222467,"href":"https:\/\/rnoticias.com.mx\/Portal\/wp-json\/wp\/v2\/posts\/222465\/revisions\/222467"}],"wp:featuredmedia":[{"embeddable":true,"href":"https:\/\/rnoticias.com.mx\/Portal\/wp-json\/wp\/v2\/media\/222466"}],"wp:attachment":[{"href":"https:\/\/rnoticias.com.mx\/Portal\/wp-json\/wp\/v2\/media?parent=222465"}],"wp:term":[{"taxonomy":"category","embeddable":true,"href":"https:\/\/rnoticias.com.mx\/Portal\/wp-json\/wp\/v2\/categories?post=222465"},{"taxonomy":"post_tag","embeddable":true,"href":"https:\/\/rnoticias.com.mx\/Portal\/wp-json\/wp\/v2\/tags?post=222465"}],"curies":[{"name":"wp","href":"https:\/\/api.w.org\/{rel}","templated":true}]}}