{"id":222452,"date":"2025-06-23T21:30:25","date_gmt":"2025-06-24T04:30:25","guid":{"rendered":"https:\/\/rnoticias.com.mx\/Portal\/?p=222452"},"modified":"2025-06-23T21:30:25","modified_gmt":"2025-06-24T04:30:25","slug":"sader-sonora-capacitara-a-mas-de-30-mil-ganaderos-contra-el-gusano-barrenador","status":"publish","type":"post","link":"https:\/\/rnoticias.com.mx\/Portal\/2025\/06\/23\/sader-sonora-capacitara-a-mas-de-30-mil-ganaderos-contra-el-gusano-barrenador\/","title":{"rendered":"SADER Sonora capacitar\u00e1 a m\u00e1s de 30 mil ganaderos contra el gusano barrenador"},"content":{"rendered":"<p>Hermosillo, Sonora; 20 de junio de 2025.- A partir de este lunes 23 de junio, la Secretar\u00eda de Agricultura en Sonora, dar\u00e1 inicio a un despliegue territorial en todo el estado para capacitar a m\u00e1s de 30 mil ganaderos contra el gusano barrenador; el trabajo coordinado entre los tres niveles de gobierno, tambi\u00e9n contar\u00e1 con la colaboraci\u00f3n de las 96 Asociaciones Ganaderas Locales (AGL).<\/p>\n<p>El arranque de las capacitaciones \u201cActualizaci\u00f3n del gusano barrenador del ganado\u201d en Sonora, se llevar\u00e1 a cabo en el municipio San Ignacio R\u00edo Muerto, con el objetivo de que los ganaderos tengan las herramientas y la informaci\u00f3n para que puedan atender y erradicar a la plaga, anunci\u00f3 el representante de la Secretar\u00eda de Agricultura en el estado, Juan Gonz\u00e1lez Alvarado.<\/p>\n<p>Si bien, en Sonora no hay ning\u00fan caso de gusano barrenador, por instrucciones de la presidenta de M\u00e9xico, Claudia Sheinbaum y del secretario de Agricultura, Julio Berdegu\u00e9, las 32 entidades federativas deben estar preparadas para el diagn\u00f3stico, tratamiento y erradicaci\u00f3n de la plaga, asever\u00f3.<\/p>\n<p>El representante de Agricultura, detall\u00f3 que ser\u00e1n 6 grupos de especialistas que llevar\u00e1n insumos, herramientas, tecnolog\u00eda e informaci\u00f3n a los productores e inspectores de ganader\u00eda.<\/p>\n<p>\u201cVamos a echar mano de nuestra primera defensa que son nuestros inspectores de ganader\u00eda, en Sonora cont\u00e1bamos con 6 especialistas y ahora con el curso formador de formadores que tuvimos la semana pasada, ampliamos de 6 a m\u00e1s de 40 especialistas; los vamos a dividir a todos en grupos de trabajo con veh\u00edculos, herramientas e informaci\u00f3n\u201d, subray\u00f3.<\/p>\n<p>El representante estatal dijo que las capacitaciones son un trabajo coordinado con el Gobierno del Estado de Sonora a trav\u00e9s de la Secretar\u00eda de Agricultura, Ganader\u00eda, Recursos Hidr\u00e1ulicos, Pesca y Acuacultura (SAGARPHA), La Uni\u00f3n Ganadera Regional de Sonora (UGRS), Comit\u00e9 de Inspecci\u00f3n Pecuaria del Estado de Sonora (CIPES), Comit\u00e9 Estatal de Sanidad Vegetal (CESAVE), Servicio Nacional de Sanidad, Inocuidad y Calidad Agroalimentaria (SENASICA), Comisi\u00f3n M\u00e9xico-Estados Unidos para la Prevenci\u00f3n de la Fiebre Aftosa y otras Enfermedades Ex\u00f3ticas de los Animales (CPA) y la Secretar\u00eda de Agricultura.<\/p>\n","protected":false},"excerpt":{"rendered":"<p>Hermosillo, Sonora; 20 de junio de 2025.- A partir de este lunes 23 de junio, la Secretar\u00eda de Agricultura en Sonora, dar\u00e1 inicio a un despliegue territorial en todo el estado para capacitar a m\u00e1s de 30 mil ganaderos contra el gusano barrenador; el trabajo coordinado entre los tres niveles de gobierno, tambi\u00e9n contar\u00e1 con [&hellip;]<\/p>\n","protected":false},"author":2,"featured_media":222453,"comment_status":"closed","ping_status":"closed","sticky":false,"template":"","format":"standard","meta":{"footnotes":""},"categories":[12870,178],"tags":[12865,12869],"class_list":["post-222452","post","type-post","status-publish","format-standard","has-post-thumbnail","hentry","category-destacadas","category-local","tag-destacadas","tag-local"],"jetpack_featured_media_url":"https:\/\/rnoticias.com.mx\/Portal\/wp-content\/uploads\/2025\/06\/67f43650ba3a0__400x209.webp","amp_enabled":true,"_links":{"self":[{"href":"https:\/\/rnoticias.com.mx\/Portal\/wp-json\/wp\/v2\/posts\/222452","targetHints":{"allow":["GET"]}}],"collection":[{"href":"https:\/\/rnoticias.com.mx\/Portal\/wp-json\/wp\/v2\/posts"}],"about":[{"href":"https:\/\/rnoticias.com.mx\/Portal\/wp-json\/wp\/v2\/types\/post"}],"author":[{"embeddable":true,"href":"https:\/\/rnoticias.com.mx\/Portal\/wp-json\/wp\/v2\/users\/2"}],"replies":[{"embeddable":true,"href":"https:\/\/rnoticias.com.mx\/Portal\/wp-json\/wp\/v2\/comments?post=222452"}],"version-history":[{"count":1,"href":"https:\/\/rnoticias.com.mx\/Portal\/wp-json\/wp\/v2\/posts\/222452\/revisions"}],"predecessor-version":[{"id":222454,"href":"https:\/\/rnoticias.com.mx\/Portal\/wp-json\/wp\/v2\/posts\/222452\/revisions\/222454"}],"wp:featuredmedia":[{"embeddable":true,"href":"https:\/\/rnoticias.com.mx\/Portal\/wp-json\/wp\/v2\/media\/222453"}],"wp:attachment":[{"href":"https:\/\/rnoticias.com.mx\/Portal\/wp-json\/wp\/v2\/media?parent=222452"}],"wp:term":[{"taxonomy":"category","embeddable":true,"href":"https:\/\/rnoticias.com.mx\/Portal\/wp-json\/wp\/v2\/categories?post=222452"},{"taxonomy":"post_tag","embeddable":true,"href":"https:\/\/rnoticias.com.mx\/Portal\/wp-json\/wp\/v2\/tags?post=222452"}],"curies":[{"name":"wp","href":"https:\/\/api.w.org\/{rel}","templated":true}]}}