{"id":222449,"date":"2025-06-23T21:27:05","date_gmt":"2025-06-24T04:27:05","guid":{"rendered":"https:\/\/rnoticias.com.mx\/Portal\/?p=222449"},"modified":"2025-06-23T21:27:05","modified_gmt":"2025-06-24T04:27:05","slug":"fgjes-atiende-hallazgo-de-un-cuerpo-en-hermosillo-por-colectivo-en-tramite-orden-de-cateo","status":"publish","type":"post","link":"https:\/\/rnoticias.com.mx\/Portal\/2025\/06\/23\/fgjes-atiende-hallazgo-de-un-cuerpo-en-hermosillo-por-colectivo-en-tramite-orden-de-cateo\/","title":{"rendered":"FGJES atiende hallazgo de un cuerpo en Hermosillo por colectivo; en tr\u00e1mite orden de cateo"},"content":{"rendered":"<p>Hermosillo, Sonora, 22 de junio de 2025.- En atenci\u00f3n a un reporte del colectivo Madres Buscadoras de Sonora, la Vicefiscal\u00eda de B\u00fasqueda de Personas y Derechos Humanos con el apoyo del personal de la Agencia Ministerial de Investigaci\u00f3n Criminal (AMIC) y de Servicios Periciales acudi\u00f3 a un predio ubicado en la colonia La Cholla, donde se confirm\u00f3 hoy domingo 22 de junio el hallazgo de un cuerpo sin vida, semi enterrado.<\/p>\n<p>Al tratarse de un inmueble cerrado de propiedad privada, los agentes ministeriales y peritos resguardaron el lugar y aseguraron perimetr\u00e1lmente el sitio para proceder a solicitar el mandamiento judicial de cateo ante el Juez correspondiente.<\/p>\n<p>Con la orden de cateo se proceder\u00e1 formalmente a procesar pericialmente el lugar del hallazgo y las zonas aleda\u00f1as sin ninguna restricci\u00f3n legal, cubriendo las formalidades legales correspondientes.<\/p>\n<p>La Fiscal\u00eda General de Justicia del Estado de Sonora (FGJES) refrenda su compromiso con la b\u00fasqueda de personas desaparecidas, el trabajo conjunto con los colectivos y el cumplimiento estricto del marco legal en todas las diligencias, reafirmando su determinaci\u00f3n de esclarecer este hecho y continuar con las acciones de procuraci\u00f3n de justicia.<\/p>\n","protected":false},"excerpt":{"rendered":"<p>Hermosillo, Sonora, 22 de junio de 2025.- En atenci\u00f3n a un reporte del colectivo Madres Buscadoras de Sonora, la Vicefiscal\u00eda de B\u00fasqueda de Personas y Derechos Humanos con el apoyo del personal de la Agencia Ministerial de Investigaci\u00f3n Criminal (AMIC) y de Servicios Periciales acudi\u00f3 a un predio ubicado en la colonia La Cholla, donde [&hellip;]<\/p>\n","protected":false},"author":2,"featured_media":222450,"comment_status":"closed","ping_status":"closed","sticky":false,"template":"","format":"standard","meta":{"footnotes":""},"categories":[12870,178],"tags":[12865,12869],"class_list":["post-222449","post","type-post","status-publish","format-standard","has-post-thumbnail","hentry","category-destacadas","category-local","tag-destacadas","tag-local"],"jetpack_featured_media_url":"https:\/\/rnoticias.com.mx\/Portal\/wp-content\/uploads\/2025\/06\/b211f67a-0e57-4955-a1c1-9ddb71998ea3.jpg","amp_enabled":true,"_links":{"self":[{"href":"https:\/\/rnoticias.com.mx\/Portal\/wp-json\/wp\/v2\/posts\/222449","targetHints":{"allow":["GET"]}}],"collection":[{"href":"https:\/\/rnoticias.com.mx\/Portal\/wp-json\/wp\/v2\/posts"}],"about":[{"href":"https:\/\/rnoticias.com.mx\/Portal\/wp-json\/wp\/v2\/types\/post"}],"author":[{"embeddable":true,"href":"https:\/\/rnoticias.com.mx\/Portal\/wp-json\/wp\/v2\/users\/2"}],"replies":[{"embeddable":true,"href":"https:\/\/rnoticias.com.mx\/Portal\/wp-json\/wp\/v2\/comments?post=222449"}],"version-history":[{"count":1,"href":"https:\/\/rnoticias.com.mx\/Portal\/wp-json\/wp\/v2\/posts\/222449\/revisions"}],"predecessor-version":[{"id":222451,"href":"https:\/\/rnoticias.com.mx\/Portal\/wp-json\/wp\/v2\/posts\/222449\/revisions\/222451"}],"wp:featuredmedia":[{"embeddable":true,"href":"https:\/\/rnoticias.com.mx\/Portal\/wp-json\/wp\/v2\/media\/222450"}],"wp:attachment":[{"href":"https:\/\/rnoticias.com.mx\/Portal\/wp-json\/wp\/v2\/media?parent=222449"}],"wp:term":[{"taxonomy":"category","embeddable":true,"href":"https:\/\/rnoticias.com.mx\/Portal\/wp-json\/wp\/v2\/categories?post=222449"},{"taxonomy":"post_tag","embeddable":true,"href":"https:\/\/rnoticias.com.mx\/Portal\/wp-json\/wp\/v2\/tags?post=222449"}],"curies":[{"name":"wp","href":"https:\/\/api.w.org\/{rel}","templated":true}]}}