{"id":222422,"date":"2025-06-23T20:51:08","date_gmt":"2025-06-24T03:51:08","guid":{"rendered":"https:\/\/rnoticias.com.mx\/Portal\/?p=222422"},"modified":"2025-06-23T20:51:08","modified_gmt":"2025-06-24T03:51:08","slug":"trump-dice-que-iran-e-israel-aceptaron-un-alto-el-fuego-a-implementarse-en-24-horas","status":"publish","type":"post","link":"https:\/\/rnoticias.com.mx\/Portal\/2025\/06\/23\/trump-dice-que-iran-e-israel-aceptaron-un-alto-el-fuego-a-implementarse-en-24-horas\/","title":{"rendered":"Trump dice que Ir\u00e1n e Israel aceptaron un alto el fuego a implementarse en 24 horas"},"content":{"rendered":"<p>El presidente estadounidense Donald Trump afirm\u00f3 el lunes en redes sociales que Israel e Ir\u00e1n han acordado un\u00a0<strong><em>\u201calto al fuego completo y total\u201d\u00a0<\/em><\/strong>que se implementar\u00e1 gradualmente en 24 horas.<\/p>\n<p>Trump dijo en Truth Social que el alto el fuego pondr\u00eda un \u201cfin oficial\u201d a la guerra, un cambio importante en las hostilidades luego de que Estados Unidos bombardeara tres instalaciones nucleares iran\u00edes el fin de semana.<\/p>\n<p><strong><em>\u201cSuponiendo que todo funcione como deber\u00eda, lo cual as\u00ed ser\u00e1, me gustar\u00eda felicitar a ambos pa\u00edses, Israel e Ir\u00e1n, por tener la resistencia, el valor y la inteligencia para poner fin a lo que deber\u00eda llamarse \u2018la guerra de 12 d\u00edas\u2019<\/em><\/strong>\u201d, public\u00f3 Trump.<\/p>\n<p>&nbsp;<\/p>\n<p>AP<\/p>\n","protected":false},"excerpt":{"rendered":"<p>El presidente estadounidense Donald Trump afirm\u00f3 el lunes en redes sociales que Israel e Ir\u00e1n han acordado un\u00a0\u201calto al fuego completo y total\u201d\u00a0que se implementar\u00e1 gradualmente en 24 horas. Trump dijo en Truth Social que el alto el fuego pondr\u00eda un \u201cfin oficial\u201d a la guerra, un cambio importante en las hostilidades luego de que [&hellip;]<\/p>\n","protected":false},"author":2,"featured_media":222424,"comment_status":"closed","ping_status":"closed","sticky":false,"template":"","format":"standard","meta":{"footnotes":""},"categories":[12870,182],"tags":[12865,12871],"class_list":["post-222422","post","type-post","status-publish","format-standard","has-post-thumbnail","hentry","category-destacadas","category-internacional","tag-destacadas","tag-internacional"],"jetpack_featured_media_url":"https:\/\/rnoticias.com.mx\/Portal\/wp-content\/uploads\/2025\/06\/Trump-cese-al-fuego.jpg","amp_enabled":true,"_links":{"self":[{"href":"https:\/\/rnoticias.com.mx\/Portal\/wp-json\/wp\/v2\/posts\/222422","targetHints":{"allow":["GET"]}}],"collection":[{"href":"https:\/\/rnoticias.com.mx\/Portal\/wp-json\/wp\/v2\/posts"}],"about":[{"href":"https:\/\/rnoticias.com.mx\/Portal\/wp-json\/wp\/v2\/types\/post"}],"author":[{"embeddable":true,"href":"https:\/\/rnoticias.com.mx\/Portal\/wp-json\/wp\/v2\/users\/2"}],"replies":[{"embeddable":true,"href":"https:\/\/rnoticias.com.mx\/Portal\/wp-json\/wp\/v2\/comments?post=222422"}],"version-history":[{"count":1,"href":"https:\/\/rnoticias.com.mx\/Portal\/wp-json\/wp\/v2\/posts\/222422\/revisions"}],"predecessor-version":[{"id":222425,"href":"https:\/\/rnoticias.com.mx\/Portal\/wp-json\/wp\/v2\/posts\/222422\/revisions\/222425"}],"wp:featuredmedia":[{"embeddable":true,"href":"https:\/\/rnoticias.com.mx\/Portal\/wp-json\/wp\/v2\/media\/222424"}],"wp:attachment":[{"href":"https:\/\/rnoticias.com.mx\/Portal\/wp-json\/wp\/v2\/media?parent=222422"}],"wp:term":[{"taxonomy":"category","embeddable":true,"href":"https:\/\/rnoticias.com.mx\/Portal\/wp-json\/wp\/v2\/categories?post=222422"},{"taxonomy":"post_tag","embeddable":true,"href":"https:\/\/rnoticias.com.mx\/Portal\/wp-json\/wp\/v2\/tags?post=222422"}],"curies":[{"name":"wp","href":"https:\/\/api.w.org\/{rel}","templated":true}]}}