{"id":222418,"date":"2025-06-23T19:26:23","date_gmt":"2025-06-24T02:26:23","guid":{"rendered":"https:\/\/rnoticias.com.mx\/Portal\/?p=222418"},"modified":"2025-06-23T19:26:23","modified_gmt":"2025-06-24T02:26:23","slug":"impulsan-campana-en-sonora-hacemos-que-tu-verano-2025-sea-inolvidable","status":"publish","type":"post","link":"https:\/\/rnoticias.com.mx\/Portal\/2025\/06\/23\/impulsan-campana-en-sonora-hacemos-que-tu-verano-2025-sea-inolvidable\/","title":{"rendered":"Impulsan campa\u00f1a \u201cEn Sonora, hacemos que tu verano 2025 sea inolvidable\u201d"},"content":{"rendered":"<p>Con el objetivo de promover el turismo local y garantizar experiencias seguras y de calidad, turoperadores de Sonora, en coordinaci\u00f3n con prestadores de servicios, hoteleros, restauranteros, comercios y la Canaco Servytur, lanzaron la campa\u00f1a \u201cEn Sonora, hacemos que tu verano 2025 sea inolvidable\u201d.<\/p>\n<p>&nbsp;<\/p>\n<p>Julio Cesar Rasc\u00f3n Torres, presidente de la Asociaci\u00f3n Sonorense de Turoperadores, Gu\u00edas y Anfitriones Tur\u00edsticos, manifest\u00f3 que en la p\u00e1gina de la Asociaci\u00f3n\u00a0que preside tendr\u00e1n un listado\u00a0de los agremiados\u00a0que ofrecer\u00e1n descuentos a varios destinos tur\u00edsticos en la entidad<\/p>\n<p>&nbsp;<\/p>\n<p>\u201cPueden acercarse a la p\u00e1gina de redes sociales\u00a0de la Asociaci\u00f3n Sonora del Centro de Turoperadores,\u00a0Gu\u00edas y Anfitriones Tur\u00edsticos\u00a0y varios compa\u00f1eros y compa\u00f1eras\u00a0tendr\u00e1n descuentos de un 5, 10\u00a0hasta un 15% de descuento\u00a0en nuestros paquetes\u00a0y pueden viajar a Y\u00e9cora, a Sahuaripa, a la Sierra Alta, a las playas de San Carlos,\u00a0la Isla del Tibur\u00f3n\u00a0A cualquier parte del Estado de Sonora\u201d, dijo.<\/p>\n<p>&nbsp;<\/p>\n<p>De la misma forma, hizo un llamado a la poblaci\u00f3n a verificar la autenticidad de los servicios tur\u00edsticos contratados, ante los fraudes reportados por falsos gu\u00edas o turoperadores.<\/p>\n<p>&nbsp;<\/p>\n<p>&nbsp;<\/p>\n","protected":false},"excerpt":{"rendered":"<p>Con el objetivo de promover el turismo local y garantizar experiencias seguras y de calidad, turoperadores de Sonora, en coordinaci\u00f3n con prestadores de servicios, hoteleros, restauranteros, comercios y la Canaco Servytur, lanzaron la campa\u00f1a \u201cEn Sonora, hacemos que tu verano 2025 sea inolvidable\u201d. &nbsp; Julio Cesar Rasc\u00f3n Torres, presidente de la Asociaci\u00f3n Sonorense de Turoperadores, [&hellip;]<\/p>\n","protected":false},"author":2,"featured_media":222419,"comment_status":"closed","ping_status":"closed","sticky":false,"template":"","format":"standard","meta":{"footnotes":""},"categories":[12870,178],"tags":[12865,12869],"class_list":["post-222418","post","type-post","status-publish","format-standard","has-post-thumbnail","hentry","category-destacadas","category-local","tag-destacadas","tag-local"],"jetpack_featured_media_url":"https:\/\/rnoticias.com.mx\/Portal\/wp-content\/uploads\/2025\/06\/f52f4154-1a08-4ef3-b0df-55744db46473.jpg","amp_enabled":true,"_links":{"self":[{"href":"https:\/\/rnoticias.com.mx\/Portal\/wp-json\/wp\/v2\/posts\/222418","targetHints":{"allow":["GET"]}}],"collection":[{"href":"https:\/\/rnoticias.com.mx\/Portal\/wp-json\/wp\/v2\/posts"}],"about":[{"href":"https:\/\/rnoticias.com.mx\/Portal\/wp-json\/wp\/v2\/types\/post"}],"author":[{"embeddable":true,"href":"https:\/\/rnoticias.com.mx\/Portal\/wp-json\/wp\/v2\/users\/2"}],"replies":[{"embeddable":true,"href":"https:\/\/rnoticias.com.mx\/Portal\/wp-json\/wp\/v2\/comments?post=222418"}],"version-history":[{"count":1,"href":"https:\/\/rnoticias.com.mx\/Portal\/wp-json\/wp\/v2\/posts\/222418\/revisions"}],"predecessor-version":[{"id":222420,"href":"https:\/\/rnoticias.com.mx\/Portal\/wp-json\/wp\/v2\/posts\/222418\/revisions\/222420"}],"wp:featuredmedia":[{"embeddable":true,"href":"https:\/\/rnoticias.com.mx\/Portal\/wp-json\/wp\/v2\/media\/222419"}],"wp:attachment":[{"href":"https:\/\/rnoticias.com.mx\/Portal\/wp-json\/wp\/v2\/media?parent=222418"}],"wp:term":[{"taxonomy":"category","embeddable":true,"href":"https:\/\/rnoticias.com.mx\/Portal\/wp-json\/wp\/v2\/categories?post=222418"},{"taxonomy":"post_tag","embeddable":true,"href":"https:\/\/rnoticias.com.mx\/Portal\/wp-json\/wp\/v2\/tags?post=222418"}],"curies":[{"name":"wp","href":"https:\/\/api.w.org\/{rel}","templated":true}]}}