{"id":222415,"date":"2025-06-23T19:24:04","date_gmt":"2025-06-24T02:24:04","guid":{"rendered":"https:\/\/rnoticias.com.mx\/Portal\/?p=222415"},"modified":"2025-06-23T19:24:04","modified_gmt":"2025-06-24T02:24:04","slug":"continuaran-lluvias-en-la-sierra-de-sonora-temperaturas-bajan-ligeramente-conagua","status":"publish","type":"post","link":"https:\/\/rnoticias.com.mx\/Portal\/2025\/06\/23\/continuaran-lluvias-en-la-sierra-de-sonora-temperaturas-bajan-ligeramente-conagua\/","title":{"rendered":"Continuar\u00e1n lluvias en la sierra de Sonora; temperaturas bajan ligeramente: Conagua"},"content":{"rendered":"<p>El monz\u00f3n mexicano seguir\u00e1 generando lluvias en la zona oriental del estado de Sonora durante esta semana, inform\u00f3 Gilberto Lagarda V\u00e1zquez, especialista t\u00e9cnico de la Comisi\u00f3n Nacional del Agua (Conagua).<\/p>\n<p>&nbsp;<\/p>\n<p>El funcionario federal, se\u00f1al\u00f3 que esas precipitaciones que se esperan, van de ligeras a moderadas con algunos eventos puntuales fuertes.<\/p>\n<p>&nbsp;<\/p>\n<p>\u201cDebido al Monz\u00f3n seguir\u00e1n las precipitaciones en la zona oriental del Estado de Sonora.\u00a0Todos los municipios que colindan con Chihuahua tienen posibilidades de lluvia,\u00a0tienen un 40 o un 50% el d\u00eda de hoy, son lluvias de ligeras a moderadas incluso puede haber alguno fuertes puntuales en esta zona\u201d, cont\u00f3.<\/p>\n<p>&nbsp;<\/p>\n<p>Agreg\u00f3, que conforme avancen los d\u00edas, las lluvias podr\u00edan extenderse hacia el sur y centro del estado, con posibilidad de alcanzar ciudades como Obreg\u00f3n, Navojoa e incluso Hermosillo hacia el fin de semana o principios de la siguiente.<\/p>\n<p>&nbsp;<\/p>\n<p>Finalmente, Lagarda V\u00e1zquez explic\u00f3 que las temperaturas han disminuido en promedio cinco grados en comparaci\u00f3n con semanas anteriores y puso como ejemplo a Hermosillo que en los \u00faltimos d\u00edas registro valores m\u00e1ximos de 39.5 grados cent\u00edgrados.<\/p>\n","protected":false},"excerpt":{"rendered":"<p>El monz\u00f3n mexicano seguir\u00e1 generando lluvias en la zona oriental del estado de Sonora durante esta semana, inform\u00f3 Gilberto Lagarda V\u00e1zquez, especialista t\u00e9cnico de la Comisi\u00f3n Nacional del Agua (Conagua). &nbsp; El funcionario federal, se\u00f1al\u00f3 que esas precipitaciones que se esperan, van de ligeras a moderadas con algunos eventos puntuales fuertes. &nbsp; \u201cDebido al Monz\u00f3n [&hellip;]<\/p>\n","protected":false},"author":2,"featured_media":222416,"comment_status":"closed","ping_status":"closed","sticky":false,"template":"","format":"standard","meta":{"footnotes":""},"categories":[12870,174],"tags":[12865,12873],"class_list":["post-222415","post","type-post","status-publish","format-standard","has-post-thumbnail","hentry","category-destacadas","category-estatal","tag-destacadas","tag-estatal"],"jetpack_featured_media_url":"https:\/\/rnoticias.com.mx\/Portal\/wp-content\/uploads\/2025\/06\/lluvia-en-sonora-22-724e0146-focus-0-0-608-342.jpg","amp_enabled":true,"_links":{"self":[{"href":"https:\/\/rnoticias.com.mx\/Portal\/wp-json\/wp\/v2\/posts\/222415","targetHints":{"allow":["GET"]}}],"collection":[{"href":"https:\/\/rnoticias.com.mx\/Portal\/wp-json\/wp\/v2\/posts"}],"about":[{"href":"https:\/\/rnoticias.com.mx\/Portal\/wp-json\/wp\/v2\/types\/post"}],"author":[{"embeddable":true,"href":"https:\/\/rnoticias.com.mx\/Portal\/wp-json\/wp\/v2\/users\/2"}],"replies":[{"embeddable":true,"href":"https:\/\/rnoticias.com.mx\/Portal\/wp-json\/wp\/v2\/comments?post=222415"}],"version-history":[{"count":1,"href":"https:\/\/rnoticias.com.mx\/Portal\/wp-json\/wp\/v2\/posts\/222415\/revisions"}],"predecessor-version":[{"id":222417,"href":"https:\/\/rnoticias.com.mx\/Portal\/wp-json\/wp\/v2\/posts\/222415\/revisions\/222417"}],"wp:featuredmedia":[{"embeddable":true,"href":"https:\/\/rnoticias.com.mx\/Portal\/wp-json\/wp\/v2\/media\/222416"}],"wp:attachment":[{"href":"https:\/\/rnoticias.com.mx\/Portal\/wp-json\/wp\/v2\/media?parent=222415"}],"wp:term":[{"taxonomy":"category","embeddable":true,"href":"https:\/\/rnoticias.com.mx\/Portal\/wp-json\/wp\/v2\/categories?post=222415"},{"taxonomy":"post_tag","embeddable":true,"href":"https:\/\/rnoticias.com.mx\/Portal\/wp-json\/wp\/v2\/tags?post=222415"}],"curies":[{"name":"wp","href":"https:\/\/api.w.org\/{rel}","templated":true}]}}