{"id":222412,"date":"2025-06-23T19:20:31","date_gmt":"2025-06-24T02:20:31","guid":{"rendered":"https:\/\/rnoticias.com.mx\/Portal\/?p=222412"},"modified":"2025-06-23T19:20:31","modified_gmt":"2025-06-24T02:20:31","slug":"casi-10-mil-nuevos-derechohabientes-se-suman-a-las-pensiones-bienestar-en-sonora-en-el-mes-de-junio-octavio-almada-palafox","status":"publish","type":"post","link":"https:\/\/rnoticias.com.mx\/Portal\/2025\/06\/23\/casi-10-mil-nuevos-derechohabientes-se-suman-a-las-pensiones-bienestar-en-sonora-en-el-mes-de-junio-octavio-almada-palafox\/","title":{"rendered":"Casi 10 mil nuevos derechohabientes se suman a las Pensiones Bienestar en Sonora, en el mes de junio: Octavio Almada Palafox"},"content":{"rendered":"<p>Hermosillo, Sonora, lunes 23 de junio de 2025.- En cumplimiento con la encomienda de la Presidenta Claudia Sheinbaum Pardo de llevar los programas sociales del Gobierno de M\u00e9xico a cada rinc\u00f3n del pa\u00eds, en este mes de junio se incorporaron cerca de 10 mil nuevos sonorenses a las Pensiones Bienestar, inform\u00f3 el Delegado de Programas para el Bienestar en el Estado, Octavio Almada Palafox.<\/p>\n<p>Al hacer un balance de resultados del proceso de registro que se llev\u00f3 a cabo del 09 al 21 de junio, el Delegado expres\u00f3 que en la Pensi\u00f3n para el Bienestar de las Personas Adultas Mayores se incorporaron m\u00e1s de 6 mil adultos de 65 a\u00f1os en adelante; mientras que en la Pensi\u00f3n Mujeres Bienestar se inscribieron m\u00e1s de 3 mil se\u00f1oras de 63 y 64 a\u00f1os de edad.<\/p>\n<p>\u201cEs un buen n\u00famero de nuevos beneficiarios que estar\u00e1n recibiendo su pensi\u00f3n bimestral, casi 10 mil personas, y esto nos habla del compromiso de la Presidenta Sheinbaum con las y los sonorenses\u201d, enfatiz\u00f3 el Delegado en conferencia de prensa.<\/p>\n<p>En relaci\u00f3n a la entrega de tarjetas del Programa Pensi\u00f3n para el Bienestar de las Personas con Discapacidad efectuada la semana pasada, el Delegado Almada Palafox indic\u00f3 que son cerca de 10 mil nuevos derechohabientes quienes recibieron su medio de pago en toda la entidad, donde se les depositar\u00e1 el recurso de $3 mil 200 pesos bimestrales.<\/p>\n<p>En intensa gira de trabajo por el territorio sonorense, adem\u00e1s de estas acciones el Delegado Octavio Almada Palafox encabez\u00f3 las visitas domiciliarias de las y los facilitadores de la salud a adultos mayores y personas con discapacidad como parte del programa Salud Casa por Casa, cuyo arranque nacional se llev\u00f3 a cabo el pasado jueves 12 de junio desde la Ma\u00f1anera del Pueblo en Palacio Nacional a trav\u00e9s de un enlace en vivo.<\/p>\n<p>\u201cEn el programa Salud Casa por Casa, implementado por la Presidenta Sheinbaum donde se brinda un primer de nivel de atenci\u00f3n, se han realizado m\u00e1s de 8 mil 800 visitas en total en el estado, desde el arranque al corte del pasado viernes 20 de junio; el 62% son adultos mayores y el resto, personas con discapacidad\u201d, manifest\u00f3 el Delegado.<\/p>\n<p>Adem\u00e1s, el Delegado Almada Palafox indic\u00f3 que se realizaron operativos de entrega de tarjetas del programa La Escuela Es Nuestra (LEEN), as\u00ed como Asambleas de la Cl\u00ednica Es Nuestra del IMSS y el Censo de Salud Casa por Casa que contin\u00faa en todo el estado.<\/p>\n<p>\u201cLos programas sociales son el coraz\u00f3n de la Transformaci\u00f3n, y en el Gobierno de M\u00e9xico seguimos trabajando en territorio para que lleguen a la poblaci\u00f3n que los necesita. Nosotros estamos obligados a informar a todas y todos los nuevos derechohabientes para despejar sus dudas y evitar as\u00ed que puedan caer en noticias falsas, y as\u00ed lo hacemos en todas las giras de trabajo\u201d, concluy\u00f3.<\/p>\n","protected":false},"excerpt":{"rendered":"<p>Hermosillo, Sonora, lunes 23 de junio de 2025.- En cumplimiento con la encomienda de la Presidenta Claudia Sheinbaum Pardo de llevar los programas sociales del Gobierno de M\u00e9xico a cada rinc\u00f3n del pa\u00eds, en este mes de junio se incorporaron cerca de 10 mil nuevos sonorenses a las Pensiones Bienestar, inform\u00f3 el Delegado de Programas [&hellip;]<\/p>\n","protected":false},"author":2,"featured_media":222413,"comment_status":"closed","ping_status":"closed","sticky":false,"template":"","format":"standard","meta":{"footnotes":""},"categories":[12870,178],"tags":[12865,12869],"class_list":["post-222412","post","type-post","status-publish","format-standard","has-post-thumbnail","hentry","category-destacadas","category-local","tag-destacadas","tag-local"],"jetpack_featured_media_url":"https:\/\/rnoticias.com.mx\/Portal\/wp-content\/uploads\/2025\/06\/b9a1976e-d811-444d-b829-1792aaa3b5e9-scaled.jpg","amp_enabled":true,"_links":{"self":[{"href":"https:\/\/rnoticias.com.mx\/Portal\/wp-json\/wp\/v2\/posts\/222412","targetHints":{"allow":["GET"]}}],"collection":[{"href":"https:\/\/rnoticias.com.mx\/Portal\/wp-json\/wp\/v2\/posts"}],"about":[{"href":"https:\/\/rnoticias.com.mx\/Portal\/wp-json\/wp\/v2\/types\/post"}],"author":[{"embeddable":true,"href":"https:\/\/rnoticias.com.mx\/Portal\/wp-json\/wp\/v2\/users\/2"}],"replies":[{"embeddable":true,"href":"https:\/\/rnoticias.com.mx\/Portal\/wp-json\/wp\/v2\/comments?post=222412"}],"version-history":[{"count":1,"href":"https:\/\/rnoticias.com.mx\/Portal\/wp-json\/wp\/v2\/posts\/222412\/revisions"}],"predecessor-version":[{"id":222414,"href":"https:\/\/rnoticias.com.mx\/Portal\/wp-json\/wp\/v2\/posts\/222412\/revisions\/222414"}],"wp:featuredmedia":[{"embeddable":true,"href":"https:\/\/rnoticias.com.mx\/Portal\/wp-json\/wp\/v2\/media\/222413"}],"wp:attachment":[{"href":"https:\/\/rnoticias.com.mx\/Portal\/wp-json\/wp\/v2\/media?parent=222412"}],"wp:term":[{"taxonomy":"category","embeddable":true,"href":"https:\/\/rnoticias.com.mx\/Portal\/wp-json\/wp\/v2\/categories?post=222412"},{"taxonomy":"post_tag","embeddable":true,"href":"https:\/\/rnoticias.com.mx\/Portal\/wp-json\/wp\/v2\/tags?post=222412"}],"curies":[{"name":"wp","href":"https:\/\/api.w.org\/{rel}","templated":true}]}}