{"id":222409,"date":"2025-06-23T19:18:47","date_gmt":"2025-06-24T02:18:47","guid":{"rendered":"https:\/\/rnoticias.com.mx\/Portal\/?p=222409"},"modified":"2025-06-23T19:18:47","modified_gmt":"2025-06-24T02:18:47","slug":"ordena-ine-retirar-publicacion-en-red-social-por-expresiones-que-podrian-constituir-vpmrg","status":"publish","type":"post","link":"https:\/\/rnoticias.com.mx\/Portal\/2025\/06\/23\/ordena-ine-retirar-publicacion-en-red-social-por-expresiones-que-podrian-constituir-vpmrg\/","title":{"rendered":"Ordena INE retirar publicaci\u00f3n en red social por expresiones que podr\u00edan constituir VPMRG"},"content":{"rendered":"<p class=\"x_MsoNormal\"><span data-olk-copy-source=\"MessageBody\">La Comisi\u00f3n de Quejas y Denuncias del Instituto Nacional Electoral (INE) resolvi\u00f3 dos medidas cautelares, una por hechos que podr\u00edan constituir Violencia Pol\u00edtica contra las Mujeres en Raz\u00f3n de G\u00e9nero (VPMRG) y otra por la presunta difusi\u00f3n de propaganda electoral y entrega de un libro, en el marco del Proceso Electoral Extraordinario del Poder Judicial de la Federaci\u00f3n (PEEPJF) 2024-2025.<\/span><\/p>\n<p class=\"x_MsoNormal\">\n<p class=\"x_MsoNormal\">Una persona que solicit\u00f3 la protecci\u00f3n de sus datos denunci\u00f3 a diversos usuarios de Instagram, as\u00ed como a quien resulte responsable, por la difusi\u00f3n de publicaciones en esa red social, que, a su decir, constituyen VPMRG en su contra.<\/p>\n<p class=\"x_MsoNormal\">\n<p class=\"x_MsoNormal\">El colegiado determin\u00f3 procedente la adopci\u00f3n de medidas cautelares respecto de una publicaci\u00f3n en la cuenta de Jenifer Luj\u00e1n Garc\u00eda, al considerar que contiene expresiones ofensivas y estigmatizantes que refuerzan estereotipos de g\u00e9nero, as\u00ed como centrarse en la vida personal de una candidata y no en su trayectoria profesional.<\/p>\n<p class=\"x_MsoNormal\">\n<p class=\"x_MsoNormal\">Por ello, se orden\u00f3 a la usuaria denunciada y a la red social Instagram retirar la publicaci\u00f3n en un plazo no mayor a 12 horas.<\/p>\n<p class=\"x_MsoNormal\">\n<p class=\"x_MsoNormal\">Finalmente, se determin\u00f3 improcedente la adopci\u00f3n de la medida cautelar en su vertiente de tutela preventiva, toda vez que, de los hechos denunciados no se advierte una evidente ilegalidad.<\/p>\n<p class=\"x_MsoNormal\">\n<p class=\"x_MsoNormal\">En otro asunto, una ciudadana denunci\u00f3 a una excandidata a Magistrada del Tribunal de Disciplina Judicial, por la presunta difusi\u00f3n de propaganda prohibida y entrega de beneficios en especie, lo anterior, al colocar espectaculares en la ciudad de Xalapa, Veracruz y difundir contenido en redes sociales, incluido un enlace para descargar un libro digital.<\/p>\n<p class=\"x_MsoNormal\">\n<p class=\"x_MsoNormal\">La Comisi\u00f3n resolvi\u00f3 improcedente la adopci\u00f3n de medidas cautelares, ya que la propaganda en espectaculares fue retirada y, por tanto, los hechos denunciados constituyen actos consumados de manera irreparable. Respecto a la publicaci\u00f3n en la red social para la descarga de un libro electr\u00f3nico, se concluy\u00f3 que su difusi\u00f3n no representa un riesgo para los principios de la funci\u00f3n electoral, al haberse celebrado ya la jornada electoral. Tambi\u00e9n, se declar\u00f3 improcedente la tutela preventiva.<\/p>\n<p class=\"x_MsoNormal\"><b>\u00a0<\/b><\/p>\n","protected":false},"excerpt":{"rendered":"<p>La Comisi\u00f3n de Quejas y Denuncias del Instituto Nacional Electoral (INE) resolvi\u00f3 dos medidas cautelares, una por hechos que podr\u00edan constituir Violencia Pol\u00edtica contra las Mujeres en Raz\u00f3n de G\u00e9nero (VPMRG) y otra por la presunta difusi\u00f3n de propaganda electoral y entrega de un libro, en el marco del Proceso Electoral Extraordinario del Poder Judicial [&hellip;]<\/p>\n","protected":false},"author":2,"featured_media":222410,"comment_status":"closed","ping_status":"closed","sticky":false,"template":"","format":"standard","meta":{"footnotes":""},"categories":[12870,12868],"tags":[12865,12879],"class_list":["post-222409","post","type-post","status-publish","format-standard","has-post-thumbnail","hentry","category-destacadas","category-politica","tag-destacadas","tag-politica"],"jetpack_featured_media_url":"https:\/\/rnoticias.com.mx\/Portal\/wp-content\/uploads\/2025\/06\/luna-5-620x410-1.jpg","amp_enabled":true,"_links":{"self":[{"href":"https:\/\/rnoticias.com.mx\/Portal\/wp-json\/wp\/v2\/posts\/222409","targetHints":{"allow":["GET"]}}],"collection":[{"href":"https:\/\/rnoticias.com.mx\/Portal\/wp-json\/wp\/v2\/posts"}],"about":[{"href":"https:\/\/rnoticias.com.mx\/Portal\/wp-json\/wp\/v2\/types\/post"}],"author":[{"embeddable":true,"href":"https:\/\/rnoticias.com.mx\/Portal\/wp-json\/wp\/v2\/users\/2"}],"replies":[{"embeddable":true,"href":"https:\/\/rnoticias.com.mx\/Portal\/wp-json\/wp\/v2\/comments?post=222409"}],"version-history":[{"count":1,"href":"https:\/\/rnoticias.com.mx\/Portal\/wp-json\/wp\/v2\/posts\/222409\/revisions"}],"predecessor-version":[{"id":222411,"href":"https:\/\/rnoticias.com.mx\/Portal\/wp-json\/wp\/v2\/posts\/222409\/revisions\/222411"}],"wp:featuredmedia":[{"embeddable":true,"href":"https:\/\/rnoticias.com.mx\/Portal\/wp-json\/wp\/v2\/media\/222410"}],"wp:attachment":[{"href":"https:\/\/rnoticias.com.mx\/Portal\/wp-json\/wp\/v2\/media?parent=222409"}],"wp:term":[{"taxonomy":"category","embeddable":true,"href":"https:\/\/rnoticias.com.mx\/Portal\/wp-json\/wp\/v2\/categories?post=222409"},{"taxonomy":"post_tag","embeddable":true,"href":"https:\/\/rnoticias.com.mx\/Portal\/wp-json\/wp\/v2\/tags?post=222409"}],"curies":[{"name":"wp","href":"https:\/\/api.w.org\/{rel}","templated":true}]}}