{"id":222406,"date":"2025-06-23T19:13:12","date_gmt":"2025-06-24T02:13:12","guid":{"rendered":"https:\/\/rnoticias.com.mx\/Portal\/?p=222406"},"modified":"2025-06-23T19:13:12","modified_gmt":"2025-06-24T02:13:12","slug":"ofrecera-gobierno-de-sonora-nueva-maestria-en-educacion-especial-creson","status":"publish","type":"post","link":"https:\/\/rnoticias.com.mx\/Portal\/2025\/06\/23\/ofrecera-gobierno-de-sonora-nueva-maestria-en-educacion-especial-creson\/","title":{"rendered":"Ofrecer\u00e1 Gobierno de Sonora nueva maestr\u00eda en Educaci\u00f3n Especial: Creson"},"content":{"rendered":"<p>Hermosillo, Sonora; 23 de junio de 2025.- Para fortalecer la capacitaci\u00f3n de las y los docentes para atenci\u00f3n de la diversidad en el aula, el Gobierno de Sonora, a trav\u00e9s del Centro Regional de Formaci\u00f3n Profesional Docente de Sonora (Creson), ofrecer\u00e1 la maestr\u00eda en Educaci\u00f3n Especial con Enfoque Inclusivo.<\/p>\n<p>El nuevo programa de estudios tendr\u00e1 una duraci\u00f3n de dos a\u00f1os y se impartir\u00e1 en modalidad presencial en el Centro Regional de Educaci\u00f3n Normal \u201cRafael Ram\u00edrez Casta\u00f1eda\u201d, en Navojoa, y en la Escuela Normal Superior, plantel Obreg\u00f3n.<\/p>\n<p>Luis Ernesto Flores Fontes, rector del Creson, resalt\u00f3 que, con un enfoque profesionalizante, este posgrado busca preparar a las y los docentes para atender las necesidades espec\u00edficas de apoyo educativo, eliminar las barreras de aprendizaje y contribuir a la educaci\u00f3n inclusiva en la regi\u00f3n.<\/p>\n<p>Se espera que las y los egresados adquieran las herramientas y habilidades para establecer ambientes de inclusi\u00f3n en el aula, dise\u00f1ar metodolog\u00edas diversificadas y propiciar la colaboraci\u00f3n de la escuela, la familia y la comunidad para favorecer el proceso educativo.<\/p>\n<p>Para participar en el proceso de selecci\u00f3n de la maestr\u00eda, las personas que est\u00e9n interesadas tienen hasta el pr\u00f3ximo 30 de junio para registrarse en\u00a0<a href=\"http:\/\/creson.sonora.gob.mx\/\" target=\"_blank\" rel=\"noopener\" data-saferedirecturl=\"https:\/\/www.google.com\/url?q=http:\/\/creson.sonora.gob.mx&amp;source=gmail&amp;ust=1750788316720000&amp;usg=AOvVaw0Gex_wyLMbOS8YpDSuZLfq\">creson.sonora.gob.mx<\/a>\u00a0y subir la documentaci\u00f3n que se solicita.<\/p>\n","protected":false},"excerpt":{"rendered":"<p>Hermosillo, Sonora; 23 de junio de 2025.- Para fortalecer la capacitaci\u00f3n de las y los docentes para atenci\u00f3n de la diversidad en el aula, el Gobierno de Sonora, a trav\u00e9s del Centro Regional de Formaci\u00f3n Profesional Docente de Sonora (Creson), ofrecer\u00e1 la maestr\u00eda en Educaci\u00f3n Especial con Enfoque Inclusivo. El nuevo programa de estudios tendr\u00e1 [&hellip;]<\/p>\n","protected":false},"author":2,"featured_media":222407,"comment_status":"closed","ping_status":"closed","sticky":false,"template":"","format":"standard","meta":{"footnotes":""},"categories":[12870,178],"tags":[12865,12869],"class_list":["post-222406","post","type-post","status-publish","format-standard","has-post-thumbnail","hentry","category-destacadas","category-local","tag-destacadas","tag-local"],"jetpack_featured_media_url":"https:\/\/rnoticias.com.mx\/Portal\/wp-content\/uploads\/2025\/06\/unnamedd.jpg","amp_enabled":true,"_links":{"self":[{"href":"https:\/\/rnoticias.com.mx\/Portal\/wp-json\/wp\/v2\/posts\/222406","targetHints":{"allow":["GET"]}}],"collection":[{"href":"https:\/\/rnoticias.com.mx\/Portal\/wp-json\/wp\/v2\/posts"}],"about":[{"href":"https:\/\/rnoticias.com.mx\/Portal\/wp-json\/wp\/v2\/types\/post"}],"author":[{"embeddable":true,"href":"https:\/\/rnoticias.com.mx\/Portal\/wp-json\/wp\/v2\/users\/2"}],"replies":[{"embeddable":true,"href":"https:\/\/rnoticias.com.mx\/Portal\/wp-json\/wp\/v2\/comments?post=222406"}],"version-history":[{"count":1,"href":"https:\/\/rnoticias.com.mx\/Portal\/wp-json\/wp\/v2\/posts\/222406\/revisions"}],"predecessor-version":[{"id":222408,"href":"https:\/\/rnoticias.com.mx\/Portal\/wp-json\/wp\/v2\/posts\/222406\/revisions\/222408"}],"wp:featuredmedia":[{"embeddable":true,"href":"https:\/\/rnoticias.com.mx\/Portal\/wp-json\/wp\/v2\/media\/222407"}],"wp:attachment":[{"href":"https:\/\/rnoticias.com.mx\/Portal\/wp-json\/wp\/v2\/media?parent=222406"}],"wp:term":[{"taxonomy":"category","embeddable":true,"href":"https:\/\/rnoticias.com.mx\/Portal\/wp-json\/wp\/v2\/categories?post=222406"},{"taxonomy":"post_tag","embeddable":true,"href":"https:\/\/rnoticias.com.mx\/Portal\/wp-json\/wp\/v2\/tags?post=222406"}],"curies":[{"name":"wp","href":"https:\/\/api.w.org\/{rel}","templated":true}]}}