{"id":222375,"date":"2025-06-23T18:01:02","date_gmt":"2025-06-24T01:01:02","guid":{"rendered":"https:\/\/rnoticias.com.mx\/Portal\/?p=222375"},"modified":"2025-06-23T18:01:02","modified_gmt":"2025-06-24T01:01:02","slug":"gobernador-durazo-logra-crecimiento-automotriz-historico-en-sonora-con-alza-del-49-en-2024","status":"publish","type":"post","link":"https:\/\/rnoticias.com.mx\/Portal\/2025\/06\/23\/gobernador-durazo-logra-crecimiento-automotriz-historico-en-sonora-con-alza-del-49-en-2024\/","title":{"rendered":"Gobernador Durazo logra crecimiento automotriz hist\u00f3rico en Sonora con alza del 49 % en 2024"},"content":{"rendered":"<p>Ciudad de M\u00e9xico, 23 de junio de 2025.- La industria automotriz en Sonora registr\u00f3 un crecimiento exponencial hist\u00f3rico del 49 por ciento durante 2024, de acuerdo con datos del Instituto Nacional de Estad\u00edstica y Geograf\u00eda (INEGI). Este crecimiento, que no se observaba desde 2016, es resultado de la estrategia comercial y econ\u00f3mica impulsada por el gobernador Alfonso Durazo Monta\u00f1o para fortalecer el rubro manufacturero, posicionando a la entidad como un referente nacional.<\/p>\n<p>En el marco de la ceremonia conmemorativa por los 100 a\u00f1os de historia de Ford en M\u00e9xico, el mandatario estatal reconoci\u00f3 el papel fundamental que desempe\u00f1a la planta ensambladora en Hermosillo en el desarrollo de la industria automotriz y el crecimiento de la econom\u00eda regional, con una producci\u00f3n de m\u00e1s de siete millones de unidades desde su inicio en 1986. Actualmente, se fabrican los modelos Ford Bronco Sport y Ford Maverick, dos veh\u00edculos de gran \u00e9xito en el mercado norteamericano.<\/p>\n<p>\u201cSeg\u00fan el INEGI, la producci\u00f3n de la Planta Ford de Hermosillo represent\u00f3 el 8.34 por ciento del total de la producci\u00f3n de veh\u00edculos a nivel nacional en 2024. Asimismo, de enero a mayo de 2025 y en medio de una escalada arancelaria global, la empresa Ford produjo 8.2 por ciento m\u00e1s veh\u00edculos que en el mismo per\u00edodo del 2024 en nuestro estado. Hoy, el v\u00ednculo entre Ford y Sonora se proyecta hacia el futuro. La movilidad el\u00e9ctrica, la sostenibilidad y la eficiencia energ\u00e9tica son tendencias globales y prioridades que compartimos\u201d, indic\u00f3 el gobernador Durazo.<\/p>\n<p>Seg\u00fan el registro del INEGI, en el sector automotriz, de enero a diciembre de 2024 los distribuidores automotores de la entidad pusieron en circulaci\u00f3n mil 945 unidades nuevas, lo que representa un incremento del 49 por ciento respecto al a\u00f1o anterior.<\/p>\n<p>Con estos resultados, el Gobierno de Sonora posiciona a la entidad como un destino atractivo para la inversi\u00f3n, con un enfoque de certidumbre para nuevas empresas, e impulsa la econom\u00eda local al generar empleos de calidad.<\/p>\n","protected":false},"excerpt":{"rendered":"<p>Ciudad de M\u00e9xico, 23 de junio de 2025.- La industria automotriz en Sonora registr\u00f3 un crecimiento exponencial hist\u00f3rico del 49 por ciento durante 2024, de acuerdo con datos del Instituto Nacional de Estad\u00edstica y Geograf\u00eda (INEGI). Este crecimiento, que no se observaba desde 2016, es resultado de la estrategia comercial y econ\u00f3mica impulsada por el [&hellip;]<\/p>\n","protected":false},"author":2,"featured_media":222376,"comment_status":"closed","ping_status":"closed","sticky":false,"template":"","format":"standard","meta":{"footnotes":""},"categories":[12870,178],"tags":[12865,12869],"class_list":["post-222375","post","type-post","status-publish","format-standard","has-post-thumbnail","hentry","category-destacadas","category-local","tag-destacadas","tag-local"],"jetpack_featured_media_url":"https:\/\/rnoticias.com.mx\/Portal\/wp-content\/uploads\/2025\/06\/unnamed-102.jpg","amp_enabled":true,"_links":{"self":[{"href":"https:\/\/rnoticias.com.mx\/Portal\/wp-json\/wp\/v2\/posts\/222375","targetHints":{"allow":["GET"]}}],"collection":[{"href":"https:\/\/rnoticias.com.mx\/Portal\/wp-json\/wp\/v2\/posts"}],"about":[{"href":"https:\/\/rnoticias.com.mx\/Portal\/wp-json\/wp\/v2\/types\/post"}],"author":[{"embeddable":true,"href":"https:\/\/rnoticias.com.mx\/Portal\/wp-json\/wp\/v2\/users\/2"}],"replies":[{"embeddable":true,"href":"https:\/\/rnoticias.com.mx\/Portal\/wp-json\/wp\/v2\/comments?post=222375"}],"version-history":[{"count":1,"href":"https:\/\/rnoticias.com.mx\/Portal\/wp-json\/wp\/v2\/posts\/222375\/revisions"}],"predecessor-version":[{"id":222377,"href":"https:\/\/rnoticias.com.mx\/Portal\/wp-json\/wp\/v2\/posts\/222375\/revisions\/222377"}],"wp:featuredmedia":[{"embeddable":true,"href":"https:\/\/rnoticias.com.mx\/Portal\/wp-json\/wp\/v2\/media\/222376"}],"wp:attachment":[{"href":"https:\/\/rnoticias.com.mx\/Portal\/wp-json\/wp\/v2\/media?parent=222375"}],"wp:term":[{"taxonomy":"category","embeddable":true,"href":"https:\/\/rnoticias.com.mx\/Portal\/wp-json\/wp\/v2\/categories?post=222375"},{"taxonomy":"post_tag","embeddable":true,"href":"https:\/\/rnoticias.com.mx\/Portal\/wp-json\/wp\/v2\/tags?post=222375"}],"curies":[{"name":"wp","href":"https:\/\/api.w.org\/{rel}","templated":true}]}}