{"id":222357,"date":"2025-06-23T17:46:58","date_gmt":"2025-06-24T00:46:58","guid":{"rendered":"https:\/\/rnoticias.com.mx\/Portal\/?p=222357"},"modified":"2025-06-23T17:46:58","modified_gmt":"2025-06-24T00:46:58","slug":"registran-aumento-de-4-en-atencion-juridica-a-comunidad-lgbt","status":"publish","type":"post","link":"https:\/\/rnoticias.com.mx\/Portal\/2025\/06\/23\/registran-aumento-de-4-en-atencion-juridica-a-comunidad-lgbt\/","title":{"rendered":"Registran aumento de 4% en atenci\u00f3n jur\u00eddica a comunidad LGBT"},"content":{"rendered":"<p>El Universal<\/p>\n<p>&nbsp;<\/p>\n<p><strong>El Consejo Ciudadano para la Seguridad y Justicia de la Ciudad de M\u00e9xico<\/strong>\u00a0inform\u00f3 que la atenci\u00f3n jur\u00eddica y emocional a\u00a0<strong>las personas de la comunidad LGBT+<\/strong>\u00a0durante el primer semestre de 2025 aument\u00f3 en 4% respecto al mismo periodo del a\u00f1o anterior, lo que representa \u201cuna mayor apertura para buscar ayuda ante situaciones de violencia, discriminaci\u00f3n y rechazo familiar\u201d.<\/p>\n<p>Adem\u00e1s, report\u00f3 un incremento acumulado del 22% de 2021 a la fecha.<\/p>\n<p><strong><em>\u201cAunque la Ciudad de M\u00e9xico ha sido reconocida por su marco legal de avanzada en pro de los derechos de la comunidad LGBT+, a\u00fan persisten estigmas y rechazos en entornos familiares, escolares y laborales\u201d<\/em><\/strong>, dijo la secretaria Ejecutiva del Consejo, Clara Luz \u00c1lvarez.<\/p>\n<div id=\"eldia-2216545160\" class=\"eldia-contenido eldia-target\" data-eldia-trackid=\"1573641\" data-eldia-trackbid=\"1\"><\/div>\n<div id=\"eldia-3174168057\" class=\"eldia-contenido-2 eldia-target\" data-eldia-trackid=\"1765657\" data-eldia-trackbid=\"1\"><\/div>\n<p>El Consejo detall\u00f3 que del total de los casos atendidos, 47% es de personas de entre 18 y 30 a\u00f1os.<\/p>\n<p>A trav\u00e9s de un comunicado, agreg\u00f3 que los principales grupos atendidos se identificaron como 44% gays, 23% lesbianas, 10% transg\u00e9neros, 10% bisexuales, 7% transexuales y 2% travestis.<\/p>\n<p>En cuanto a los motivos, se\u00f1al\u00f3, 27% fueron por problemas de pareja, 21% por conflictos familiares, 6% por violencia; mientras que el otro 6% fue por problemas con su orientaci\u00f3n sexual, 5% por discriminaci\u00f3n y el otro 3% por delitos sexuales.<\/p>\n<div class=\"stream-item stream-item-in-post stream-item-inline-post aligncenter\">\n<div class=\"stream-item-size\"><\/div>\n<\/div>\n<p>Indic\u00f3 que el 92% de las atenciones fueron solicitadas directamente por las personas atendidas, mientras que el resto de las ayudas las pidieron familiares o amistades de las personas de la diversidad sexual.<\/p>\n<p>La secretaria Ejecutiva del Consejo explic\u00f3 que la violencia hacia las personas que pertenecen a la comunidad LGBT+ no siempre es f\u00edsica ni evidente.<\/p>\n<p><strong><em>\u201cPor eso es urgente contar con instrumentos como el TRANSViolent\u00f3metro, que ayuden a visibilizar, reconocer y frenar las violencias normalizadas\u201d<\/em><\/strong>, afirm\u00f3.<\/p>\n","protected":false},"excerpt":{"rendered":"<p>El Universal &nbsp; El Consejo Ciudadano para la Seguridad y Justicia de la Ciudad de M\u00e9xico\u00a0inform\u00f3 que la atenci\u00f3n jur\u00eddica y emocional a\u00a0las personas de la comunidad LGBT+\u00a0durante el primer semestre de 2025 aument\u00f3 en 4% respecto al mismo periodo del a\u00f1o anterior, lo que representa \u201cuna mayor apertura para buscar ayuda ante situaciones de [&hellip;]<\/p>\n","protected":false},"author":2,"featured_media":222358,"comment_status":"closed","ping_status":"closed","sticky":false,"template":"","format":"standard","meta":{"footnotes":""},"categories":[12870,172],"tags":[12865,12874],"class_list":["post-222357","post","type-post","status-publish","format-standard","has-post-thumbnail","hentry","category-destacadas","category-nacional","tag-destacadas","tag-nacional"],"jetpack_featured_media_url":"https:\/\/rnoticias.com.mx\/Portal\/wp-content\/uploads\/2025\/06\/b837736b954310bfa5fc3577b72247f5.jpg","amp_enabled":true,"_links":{"self":[{"href":"https:\/\/rnoticias.com.mx\/Portal\/wp-json\/wp\/v2\/posts\/222357","targetHints":{"allow":["GET"]}}],"collection":[{"href":"https:\/\/rnoticias.com.mx\/Portal\/wp-json\/wp\/v2\/posts"}],"about":[{"href":"https:\/\/rnoticias.com.mx\/Portal\/wp-json\/wp\/v2\/types\/post"}],"author":[{"embeddable":true,"href":"https:\/\/rnoticias.com.mx\/Portal\/wp-json\/wp\/v2\/users\/2"}],"replies":[{"embeddable":true,"href":"https:\/\/rnoticias.com.mx\/Portal\/wp-json\/wp\/v2\/comments?post=222357"}],"version-history":[{"count":1,"href":"https:\/\/rnoticias.com.mx\/Portal\/wp-json\/wp\/v2\/posts\/222357\/revisions"}],"predecessor-version":[{"id":222359,"href":"https:\/\/rnoticias.com.mx\/Portal\/wp-json\/wp\/v2\/posts\/222357\/revisions\/222359"}],"wp:featuredmedia":[{"embeddable":true,"href":"https:\/\/rnoticias.com.mx\/Portal\/wp-json\/wp\/v2\/media\/222358"}],"wp:attachment":[{"href":"https:\/\/rnoticias.com.mx\/Portal\/wp-json\/wp\/v2\/media?parent=222357"}],"wp:term":[{"taxonomy":"category","embeddable":true,"href":"https:\/\/rnoticias.com.mx\/Portal\/wp-json\/wp\/v2\/categories?post=222357"},{"taxonomy":"post_tag","embeddable":true,"href":"https:\/\/rnoticias.com.mx\/Portal\/wp-json\/wp\/v2\/tags?post=222357"}],"curies":[{"name":"wp","href":"https:\/\/api.w.org\/{rel}","templated":true}]}}