{"id":222354,"date":"2025-06-23T17:44:57","date_gmt":"2025-06-24T00:44:57","guid":{"rendered":"https:\/\/rnoticias.com.mx\/Portal\/?p=222354"},"modified":"2025-06-23T17:44:57","modified_gmt":"2025-06-24T00:44:57","slug":"gobierno-de-sonora-impulsa-un-fin-de-semana-lleno-de-inclusion-arte-y-concientizacion-en-bosque-urbano-la-sauceda","status":"publish","type":"post","link":"https:\/\/rnoticias.com.mx\/Portal\/2025\/06\/23\/gobierno-de-sonora-impulsa-un-fin-de-semana-lleno-de-inclusion-arte-y-concientizacion-en-bosque-urbano-la-sauceda\/","title":{"rendered":"Gobierno de Sonora impulsa un fin de semana lleno de inclusi\u00f3n, arte y concientizaci\u00f3n en Bosque Urbano La Sauceda"},"content":{"rendered":"<p>Hermosillo, Sonora; 23 de junio de 2025.- Del 20 al 22 de junio, el Bosque Urbano La Sauceda vivi\u00f3 un programa lleno de actividades culturales, ambientales y comunitarias, impulsadas por el Gobierno de Sonora como parte del compromiso de recuperar espacios p\u00fablicos y fortalecer una cultura ambiental inclusiva y participativa.<\/p>\n<p>La agenda inici\u00f3 el viernes con ECOnversando, una charla educativa sobre anfibios y su papel en la naturaleza, que invit\u00f3 a reflexionar sobre la importancia de estas especies en los ecosistemas del desierto sonorense.<\/p>\n<p>Ese mismo d\u00eda, el foro al aire libre recibi\u00f3 al grupo de danza folcl\u00f3rica Semalulukut, conformado por personas con discapacidad, quienes celebraron 10 a\u00f1os de trayectoria con una presentaci\u00f3n llena de emoci\u00f3n, tradici\u00f3n e inclusi\u00f3n.<\/p>\n<p>El s\u00e1bado se realizaron talleres de cer\u00e1mica y percusiones, que ofrecieron un espacio para el arte, la creatividad y la convivencia entre ni\u00f1as, ni\u00f1os, j\u00f3venes y adultos. Tambi\u00e9n se llev\u00f3 a cabo una charla-taller sobre hoteles de polinizadores. Adem\u00e1s, en el foro al aire libre se celebr\u00f3 un evento colectivo de yoga con 108 saludos al sol, dirigido por distintas instructoras e instructores, promoviendo el bienestar f\u00edsico y emocional en comunidad.<\/p>\n<p>En el humedal de La Sauceda se desarroll\u00f3 la actividad Peque\u00f1os Guardabosques, donde ni\u00f1as y ni\u00f1os exploraron el ecosistema a trav\u00e9s de la observaci\u00f3n e identificaci\u00f3n de aves, utilizando binoculares y una gu\u00eda ilustrada para colorear.<\/p>\n<p>El domingo estuvo marcado por la m\u00fasica y la conexi\u00f3n comunitaria. La flautista Zuri Lerma ofreci\u00f3 una charla musical con flauta transversal en el kiosco central, combinando interpretaci\u00f3n y aprendizaje. M\u00e1s tarde, el Domingo Chill Ac\u00fastico reuni\u00f3 a Carlos Sitten, Chino Marcial y T\u00e9 para Tres en una tarde de m\u00fasica relajada que congreg\u00f3 a familias y visitantes en un ambiente c\u00e1lido y natural.<\/p>\n<p>Se celebr\u00f3 con entusiasmo la alta participaci\u00f3n en las jornadas de reforestaci\u00f3n, donde voluntarios y colectivos se sumaron a plantar \u00e1rboles nativos en la zona del bosque urbano, contribuyendo a la conservaci\u00f3n de la biodiversidad y la restauraci\u00f3n del equilibrio ecol\u00f3gico en este espacio natural.<\/p>\n<p>La Sauceda avanza como un espacio de transformaci\u00f3n, impulsado por el Gobierno de Sonora, que promueve la cultura, la inclusi\u00f3n, la educaci\u00f3n ambiental y la regeneraci\u00f3n de la naturaleza en Hermosillo.<\/p>\n","protected":false},"excerpt":{"rendered":"<p>Hermosillo, Sonora; 23 de junio de 2025.- Del 20 al 22 de junio, el Bosque Urbano La Sauceda vivi\u00f3 un programa lleno de actividades culturales, ambientales y comunitarias, impulsadas por el Gobierno de Sonora como parte del compromiso de recuperar espacios p\u00fablicos y fortalecer una cultura ambiental inclusiva y participativa. La agenda inici\u00f3 el viernes [&hellip;]<\/p>\n","protected":false},"author":2,"featured_media":222355,"comment_status":"closed","ping_status":"closed","sticky":false,"template":"","format":"standard","meta":{"footnotes":""},"categories":[12870,178],"tags":[12865,12869],"class_list":["post-222354","post","type-post","status-publish","format-standard","has-post-thumbnail","hentry","category-destacadas","category-local","tag-destacadas","tag-local"],"jetpack_featured_media_url":"https:\/\/rnoticias.com.mx\/Portal\/wp-content\/uploads\/2025\/06\/unnamed-100.jpg","amp_enabled":true,"_links":{"self":[{"href":"https:\/\/rnoticias.com.mx\/Portal\/wp-json\/wp\/v2\/posts\/222354","targetHints":{"allow":["GET"]}}],"collection":[{"href":"https:\/\/rnoticias.com.mx\/Portal\/wp-json\/wp\/v2\/posts"}],"about":[{"href":"https:\/\/rnoticias.com.mx\/Portal\/wp-json\/wp\/v2\/types\/post"}],"author":[{"embeddable":true,"href":"https:\/\/rnoticias.com.mx\/Portal\/wp-json\/wp\/v2\/users\/2"}],"replies":[{"embeddable":true,"href":"https:\/\/rnoticias.com.mx\/Portal\/wp-json\/wp\/v2\/comments?post=222354"}],"version-history":[{"count":1,"href":"https:\/\/rnoticias.com.mx\/Portal\/wp-json\/wp\/v2\/posts\/222354\/revisions"}],"predecessor-version":[{"id":222356,"href":"https:\/\/rnoticias.com.mx\/Portal\/wp-json\/wp\/v2\/posts\/222354\/revisions\/222356"}],"wp:featuredmedia":[{"embeddable":true,"href":"https:\/\/rnoticias.com.mx\/Portal\/wp-json\/wp\/v2\/media\/222355"}],"wp:attachment":[{"href":"https:\/\/rnoticias.com.mx\/Portal\/wp-json\/wp\/v2\/media?parent=222354"}],"wp:term":[{"taxonomy":"category","embeddable":true,"href":"https:\/\/rnoticias.com.mx\/Portal\/wp-json\/wp\/v2\/categories?post=222354"},{"taxonomy":"post_tag","embeddable":true,"href":"https:\/\/rnoticias.com.mx\/Portal\/wp-json\/wp\/v2\/tags?post=222354"}],"curies":[{"name":"wp","href":"https:\/\/api.w.org\/{rel}","templated":true}]}}