{"id":222335,"date":"2025-06-23T15:09:24","date_gmt":"2025-06-23T22:09:24","guid":{"rendered":"https:\/\/rnoticias.com.mx\/Portal\/?p=222335"},"modified":"2025-06-23T15:09:24","modified_gmt":"2025-06-23T22:09:24","slug":"posiciona-gobierno-de-sonora-al-estado-como-lider-nacional-en-produccion-de-uva-de-mesa","status":"publish","type":"post","link":"https:\/\/rnoticias.com.mx\/Portal\/2025\/06\/23\/posiciona-gobierno-de-sonora-al-estado-como-lider-nacional-en-produccion-de-uva-de-mesa\/","title":{"rendered":"Posiciona Gobierno de Sonora al estado como l\u00edder nacional en producci\u00f3n de uva de mesa"},"content":{"rendered":"<p align=\"justify\">Hermosillo, Sonora; 23 de junio de 2025.- Sonora se posiciona como el principal productor de uva de mesa en M\u00e9xico, al registrar en 2024 un valor econ\u00f3mico estimado de producci\u00f3n que super\u00f3 los 10 mil millones de pesos.<\/p>\n<p align=\"justify\">\n<p align=\"justify\">Durante el ciclo 2024, la producci\u00f3n de este cultivo estrat\u00e9gico alcanz\u00f3 un valor superior a los 10 mil millones de pesos, con una superficie sembrada de 16 mil 867 hect\u00e1reas y una producci\u00f3n total de 305 mil 772 toneladas.<\/p>\n<p align=\"justify\">\n<p align=\"justify\">La titular de la Secretar\u00eda de Agricultura, Ganader\u00eda, Recursos Hidr\u00e1ulicos, Pesca y Acuacultura (Sagarhpa), Celida L\u00f3pez C\u00e1rdenas, destac\u00f3 que la uva de mesa es uno de los principales productos agr\u00edcolas de exportaci\u00f3n en la entidad, por su calidad, rentabilidad y proyecci\u00f3n internacional, especialmente en los municipios del noroeste.<\/p>\n<p align=\"justify\">\n<p align=\"justify\">Indic\u00f3 que Caborca y Hermosillo son los principales productores, al concentrar m\u00e1s del 60 por ciento del volumen total: Caborca con cuatro mil hect\u00e1reas y m\u00e1s de 77 mil toneladas; y Hermosillo con 5 mil 900 hect\u00e1reas y cerca de 110 mil toneladas.<\/p>\n<p align=\"justify\">\n<p align=\"justify\">A\u00f1adi\u00f3 que la regi\u00f3n de Carb\u00f3 y Pesqueira tambi\u00e9n forma parte de esta din\u00e1mica productiva que consolida a Sonora como un referente nacional en la producci\u00f3n y comercializaci\u00f3n de uva de mesa, donde se ubica la empresa Alta, la principal productora de este cultivo a nivel estatal y nacional.<\/p>\n<p align=\"justify\">\n<p align=\"justify\">La producci\u00f3n de este fruto es tambi\u00e9n un importante generador de empleo dentro de la cadena productiva, ya que durante la temporada de cosecha se crean miles de fuentes de trabajo temporales, adem\u00e1s de los empleos permanentes.<\/p>\n","protected":false},"excerpt":{"rendered":"<p>Hermosillo, Sonora; 23 de junio de 2025.- Sonora se posiciona como el principal productor de uva de mesa en M\u00e9xico, al registrar en 2024 un valor econ\u00f3mico estimado de producci\u00f3n que super\u00f3 los 10 mil millones de pesos. Durante el ciclo 2024, la producci\u00f3n de este cultivo estrat\u00e9gico alcanz\u00f3 un valor superior a los 10 [&hellip;]<\/p>\n","protected":false},"author":2,"featured_media":222336,"comment_status":"closed","ping_status":"closed","sticky":false,"template":"","format":"standard","meta":{"footnotes":""},"categories":[12870,178],"tags":[12865,12869],"class_list":["post-222335","post","type-post","status-publish","format-standard","has-post-thumbnail","hentry","category-destacadas","category-local","tag-destacadas","tag-local"],"jetpack_featured_media_url":"https:\/\/rnoticias.com.mx\/Portal\/wp-content\/uploads\/2025\/06\/434.jpg","amp_enabled":true,"_links":{"self":[{"href":"https:\/\/rnoticias.com.mx\/Portal\/wp-json\/wp\/v2\/posts\/222335","targetHints":{"allow":["GET"]}}],"collection":[{"href":"https:\/\/rnoticias.com.mx\/Portal\/wp-json\/wp\/v2\/posts"}],"about":[{"href":"https:\/\/rnoticias.com.mx\/Portal\/wp-json\/wp\/v2\/types\/post"}],"author":[{"embeddable":true,"href":"https:\/\/rnoticias.com.mx\/Portal\/wp-json\/wp\/v2\/users\/2"}],"replies":[{"embeddable":true,"href":"https:\/\/rnoticias.com.mx\/Portal\/wp-json\/wp\/v2\/comments?post=222335"}],"version-history":[{"count":1,"href":"https:\/\/rnoticias.com.mx\/Portal\/wp-json\/wp\/v2\/posts\/222335\/revisions"}],"predecessor-version":[{"id":222337,"href":"https:\/\/rnoticias.com.mx\/Portal\/wp-json\/wp\/v2\/posts\/222335\/revisions\/222337"}],"wp:featuredmedia":[{"embeddable":true,"href":"https:\/\/rnoticias.com.mx\/Portal\/wp-json\/wp\/v2\/media\/222336"}],"wp:attachment":[{"href":"https:\/\/rnoticias.com.mx\/Portal\/wp-json\/wp\/v2\/media?parent=222335"}],"wp:term":[{"taxonomy":"category","embeddable":true,"href":"https:\/\/rnoticias.com.mx\/Portal\/wp-json\/wp\/v2\/categories?post=222335"},{"taxonomy":"post_tag","embeddable":true,"href":"https:\/\/rnoticias.com.mx\/Portal\/wp-json\/wp\/v2\/tags?post=222335"}],"curies":[{"name":"wp","href":"https:\/\/api.w.org\/{rel}","templated":true}]}}