{"id":222329,"date":"2025-06-23T15:07:44","date_gmt":"2025-06-23T22:07:44","guid":{"rendered":"https:\/\/rnoticias.com.mx\/Portal\/?p=222329"},"modified":"2025-06-23T15:07:44","modified_gmt":"2025-06-23T22:07:44","slug":"danna-celebra-su-cumpleanos-30-reviviendo-a-maria-belen","status":"publish","type":"post","link":"https:\/\/rnoticias.com.mx\/Portal\/2025\/06\/23\/danna-celebra-su-cumpleanos-30-reviviendo-a-maria-belen\/","title":{"rendered":"Danna celebra su cumplea\u00f1os 30, reviviendo a Mar\u00eda Bel\u00e9n"},"content":{"rendered":"<p>La cantante y actriz\u00a0<strong>Danna\u00a0<\/strong>celebra hoy su cumplea\u00f1os treinta, viviendo un gran momento a nivel personal y profesional; para la joven, no se trata s\u00f3lo de cumplir un a\u00f1o m\u00e1s, sino de una etapa de superaci\u00f3n, por ello compar\u00f3 su aniversario con una clase de graduaci\u00f3n de su temprana juventud.<\/p>\n<p><strong><em>\u201cMe grad\u00fao de una gran etapa en mi vida, que son mis 20, ahora me siento m\u00e1s plena, m\u00e1s guapa y segura que nunca\u201d,<\/em><\/strong>\u00a0expres\u00f3 en la presentaci\u00f3n de Childstar en 2024<\/p>\n<p>Los festejos por su cumplea\u00f1os comenzaron este fin de semana, en una \u00edntima celebraci\u00f3n donde fue acompa\u00f1ada de amigos cercanos, familiares y su pareja, el cantante Alex Hoyer y donde destac\u00f3 un gui\u00f1o al inicio de su carrera y a su infancia con la imagen de su personaje Mar\u00eda Bel\u00e9n.<\/p>\n<div id=\"eldia-3737171092\" class=\"eldia-contenido eldia-target\" data-eldia-trackid=\"1573641\" data-eldia-trackbid=\"1\"><\/div>\n<div id=\"eldia-3822667688\" class=\"eldia-contenido-2 eldia-target\" data-eldia-trackid=\"1765657\" data-eldia-trackbid=\"1\"><\/div>\n<p>Una fotograf\u00eda, en donde aparece caracterizada con ese papel que la catapult\u00f3 a la fama, en su ni\u00f1ez, decor\u00f3 el lugar del evento, por ejemplo, esa imagen estuvo impresa en cajetillas de cerillos.<\/p>\n<p><strong><em>\u201cMar\u00eda Bel\u00e9n\u201d<\/em><\/strong>\u00a0fue una telenovela, transmitida en 2001, para Televisa, donde la peque\u00f1a actriz daba vida a encantadora ni\u00f1a de seis a\u00f1os que, tras la muerte de sus padres adoptivos, debe enfrentar las dificultades que representa ser criada en un internado.<\/p>\n<p>Este papel fue un trampol\u00edn para Danna, que proyect\u00f3 su carrera a otros niveles y la convirti\u00f3 en una de las actrices infantiles m\u00e1s querida del pa\u00eds<\/p>\n<div class=\"stream-item stream-item-in-post stream-item-inline-post aligncenter\">\n<div class=\"stream-item-size\"><\/div>\n<\/div>\n<p><strong><em>\u201cPre birthday partyyyyyy, Chispiajos! Gracias a tod@s x tanto amor!!!\u201d<\/em><\/strong>, escribi\u00f3 la int\u00e9rprete en sus redes sociales este domingo, donde comparti\u00f3 im\u00e1genes del festejo y algunas postales nost\u00e1lgicas de su infancia.<\/p>\n<p>&nbsp;<\/p>\n<p>El Universal<\/p>\n","protected":false},"excerpt":{"rendered":"<p>La cantante y actriz\u00a0Danna\u00a0celebra hoy su cumplea\u00f1os treinta, viviendo un gran momento a nivel personal y profesional; para la joven, no se trata s\u00f3lo de cumplir un a\u00f1o m\u00e1s, sino de una etapa de superaci\u00f3n, por ello compar\u00f3 su aniversario con una clase de graduaci\u00f3n de su temprana juventud. \u201cMe grad\u00fao de una gran etapa [&hellip;]<\/p>\n","protected":false},"author":2,"featured_media":222330,"comment_status":"closed","ping_status":"closed","sticky":false,"template":"","format":"standard","meta":{"footnotes":""},"categories":[12870,219],"tags":[12865,12875],"class_list":["post-222329","post","type-post","status-publish","format-standard","has-post-thumbnail","hentry","category-destacadas","category-espectaculos","tag-destacadas","tag-espectaculos"],"jetpack_featured_media_url":"https:\/\/rnoticias.com.mx\/Portal\/wp-content\/uploads\/2025\/06\/e08c16979a43c48a2d0ae84899d025d1.jpg","amp_enabled":true,"_links":{"self":[{"href":"https:\/\/rnoticias.com.mx\/Portal\/wp-json\/wp\/v2\/posts\/222329","targetHints":{"allow":["GET"]}}],"collection":[{"href":"https:\/\/rnoticias.com.mx\/Portal\/wp-json\/wp\/v2\/posts"}],"about":[{"href":"https:\/\/rnoticias.com.mx\/Portal\/wp-json\/wp\/v2\/types\/post"}],"author":[{"embeddable":true,"href":"https:\/\/rnoticias.com.mx\/Portal\/wp-json\/wp\/v2\/users\/2"}],"replies":[{"embeddable":true,"href":"https:\/\/rnoticias.com.mx\/Portal\/wp-json\/wp\/v2\/comments?post=222329"}],"version-history":[{"count":1,"href":"https:\/\/rnoticias.com.mx\/Portal\/wp-json\/wp\/v2\/posts\/222329\/revisions"}],"predecessor-version":[{"id":222331,"href":"https:\/\/rnoticias.com.mx\/Portal\/wp-json\/wp\/v2\/posts\/222329\/revisions\/222331"}],"wp:featuredmedia":[{"embeddable":true,"href":"https:\/\/rnoticias.com.mx\/Portal\/wp-json\/wp\/v2\/media\/222330"}],"wp:attachment":[{"href":"https:\/\/rnoticias.com.mx\/Portal\/wp-json\/wp\/v2\/media?parent=222329"}],"wp:term":[{"taxonomy":"category","embeddable":true,"href":"https:\/\/rnoticias.com.mx\/Portal\/wp-json\/wp\/v2\/categories?post=222329"},{"taxonomy":"post_tag","embeddable":true,"href":"https:\/\/rnoticias.com.mx\/Portal\/wp-json\/wp\/v2\/tags?post=222329"}],"curies":[{"name":"wp","href":"https:\/\/api.w.org\/{rel}","templated":true}]}}