{"id":222326,"date":"2025-06-23T15:06:21","date_gmt":"2025-06-23T22:06:21","guid":{"rendered":"https:\/\/rnoticias.com.mx\/Portal\/?p=222326"},"modified":"2025-06-23T15:06:21","modified_gmt":"2025-06-23T22:06:21","slug":"manola-diez-responde-a-criticas-por-supuesto-problema-de-alcoholismo","status":"publish","type":"post","link":"https:\/\/rnoticias.com.mx\/Portal\/2025\/06\/23\/manola-diez-responde-a-criticas-por-supuesto-problema-de-alcoholismo\/","title":{"rendered":"Manola Diez responde a cr\u00edticas por supuesto problema de alcoholismo"},"content":{"rendered":"<p>Agencia M\u00e9xico<\/p>\n<p>Manola Diez rompi\u00f3 el silencio tras la controversia que se gener\u00f3 por una entrevista reciente, en la que algunos internautas aseguraron que la actriz aparec\u00eda en presunto estado inconveniente.<\/p>\n<p>Lejos de evadir el tema,<strong>\u00a0la exestrella de telenovelas decidi\u00f3 aclarar su situaci\u00f3n actual con total franqueza<\/strong>, y envi\u00f3 un mensaje a quienes la juzgan sin conocer el contexto de la situaci\u00f3n que vive actualmente.<\/p>\n<p><strong><em>\u201cTengo seis meses de no tomar porque hice una promesa a Dios. He bebido, bebo la copa de vino de vez en mes. Dios conoce mi coraz\u00f3n y sabe que no miento\u201d,<\/em><\/strong>\u00a0expres\u00f3.<\/p>\n<div id=\"eldia-3274332336\" class=\"eldia-contenido eldia-target\" data-eldia-trackid=\"1573641\" data-eldia-trackbid=\"1\"><\/div>\n<div id=\"eldia-688821253\" class=\"eldia-contenido-2 eldia-target\" data-eldia-trackid=\"1765657\" data-eldia-trackbid=\"1\"><\/div>\n<p>La artista defendi\u00f3 su postura, subrayando que lo m\u00e1s importante es la relaci\u00f3n \u00edntima que mantiene con su fe y sus convicciones.<\/p>\n<p><strong><em>\u201cY en todo caso yo siempre digo: \u2018\u00bfY si s\u00ed qu\u00e9? \u00bfY si s\u00ed qu\u00e9?\u2019. O sea, \u00bfcu\u00e1l es el problema? \u00bfQu\u00e9 es un pecado beber? O sea, digo, yo hasta el d\u00eda de hoy le he cumplido la promesa a Dios y hasta el d\u00eda que quedamos Dios y yo\u201d,<\/em><\/strong>\u00a0asever\u00f3.<\/p>\n<p>Lejos de dejarse afectar por la pol\u00e9mica, Manola comparti\u00f3 una noticia que la tiene profundamente emocionada: su pr\u00f3xima boda.<\/p>\n<div class=\"stream-item stream-item-in-post stream-item-inline-post aligncenter\">\n<div class=\"stream-item-size\"><\/div>\n<\/div>\n<p><strong><em>\u201cFeliz, realizada, en gozo, me caso. Y la verdad ya, ahora s\u00ed que la cuenta regresiva por todas las leyes. Con este \u00e1ngel, con este hombre maravilloso que encontr\u00e9 en la vida, que Dios lo puso en mi camino y que agradezco al cielo porque esper\u00e9 por \u00e9l 44 a\u00f1os\u201d,<\/em><\/strong>\u00a0confes\u00f3.<\/p>\n<p>Entre cr\u00edticas infundadas y celebraciones personales,\u00a0<strong>Manola Diez reafirma su fortaleza emocional y su confianza en el amor.<\/strong>\u00a0Mientras algunos se enfocan en esc\u00e1ndalos, ella prefiere seguir adelante con la certeza de que su presente est\u00e1 guiado por la fe, el compromiso y la gratitud.<\/p>\n","protected":false},"excerpt":{"rendered":"<p>Agencia M\u00e9xico Manola Diez rompi\u00f3 el silencio tras la controversia que se gener\u00f3 por una entrevista reciente, en la que algunos internautas aseguraron que la actriz aparec\u00eda en presunto estado inconveniente. Lejos de evadir el tema,\u00a0la exestrella de telenovelas decidi\u00f3 aclarar su situaci\u00f3n actual con total franqueza, y envi\u00f3 un mensaje a quienes la juzgan [&hellip;]<\/p>\n","protected":false},"author":2,"featured_media":222327,"comment_status":"closed","ping_status":"closed","sticky":false,"template":"","format":"standard","meta":{"footnotes":""},"categories":[12870,219],"tags":[12865,12875],"class_list":["post-222326","post","type-post","status-publish","format-standard","has-post-thumbnail","hentry","category-destacadas","category-espectaculos","tag-destacadas","tag-espectaculos"],"jetpack_featured_media_url":"https:\/\/rnoticias.com.mx\/Portal\/wp-content\/uploads\/2025\/06\/a0d6bb2eb0977d4efaa90c0f2ec6fd63.jpg","amp_enabled":true,"_links":{"self":[{"href":"https:\/\/rnoticias.com.mx\/Portal\/wp-json\/wp\/v2\/posts\/222326","targetHints":{"allow":["GET"]}}],"collection":[{"href":"https:\/\/rnoticias.com.mx\/Portal\/wp-json\/wp\/v2\/posts"}],"about":[{"href":"https:\/\/rnoticias.com.mx\/Portal\/wp-json\/wp\/v2\/types\/post"}],"author":[{"embeddable":true,"href":"https:\/\/rnoticias.com.mx\/Portal\/wp-json\/wp\/v2\/users\/2"}],"replies":[{"embeddable":true,"href":"https:\/\/rnoticias.com.mx\/Portal\/wp-json\/wp\/v2\/comments?post=222326"}],"version-history":[{"count":1,"href":"https:\/\/rnoticias.com.mx\/Portal\/wp-json\/wp\/v2\/posts\/222326\/revisions"}],"predecessor-version":[{"id":222328,"href":"https:\/\/rnoticias.com.mx\/Portal\/wp-json\/wp\/v2\/posts\/222326\/revisions\/222328"}],"wp:featuredmedia":[{"embeddable":true,"href":"https:\/\/rnoticias.com.mx\/Portal\/wp-json\/wp\/v2\/media\/222327"}],"wp:attachment":[{"href":"https:\/\/rnoticias.com.mx\/Portal\/wp-json\/wp\/v2\/media?parent=222326"}],"wp:term":[{"taxonomy":"category","embeddable":true,"href":"https:\/\/rnoticias.com.mx\/Portal\/wp-json\/wp\/v2\/categories?post=222326"},{"taxonomy":"post_tag","embeddable":true,"href":"https:\/\/rnoticias.com.mx\/Portal\/wp-json\/wp\/v2\/tags?post=222326"}],"curies":[{"name":"wp","href":"https:\/\/api.w.org\/{rel}","templated":true}]}}