{"id":222323,"date":"2025-06-23T14:10:57","date_gmt":"2025-06-23T21:10:57","guid":{"rendered":"https:\/\/rnoticias.com.mx\/Portal\/?p=222323"},"modified":"2025-06-23T14:10:57","modified_gmt":"2025-06-23T21:10:57","slug":"tendra-ayuntamiento-de-hermosillo-modulo-movil-del-ine-este-25-de-junio","status":"publish","type":"post","link":"https:\/\/rnoticias.com.mx\/Portal\/2025\/06\/23\/tendra-ayuntamiento-de-hermosillo-modulo-movil-del-ine-este-25-de-junio\/","title":{"rendered":"Tendr\u00e1 Ayuntamiento de Hermosillo m\u00f3dulo m\u00f3vil del INE este 25 de junio"},"content":{"rendered":"<p>Hermosillo, Sonora; 22 de junio, 2025.- El pr\u00f3ximo mi\u00e9rcoles 25 de junio, las personas que requieran inscribirse en el padr\u00f3n electoral, una reposici\u00f3n de credencial de elector o alguna actualizaci\u00f3n de datos del documento, tendr\u00e1n a su disposici\u00f3n el m\u00f3dulo m\u00f3vil del Instituto Nacional Electoral (INE) en el Palacio Municipal de Hermosillo.<\/p>\n<p>Los servicios se prestar\u00e1n en dicha fecha, de las 8:00 a las 15:00 horas, para facilidad de quienes laboran en dicho inmueble o sus alrededores y tengan alg\u00fan tr\u00e1mite pendiente ante la instituci\u00f3n federal.<\/p>\n<p>El m\u00f3dulo m\u00f3vil del INE operar\u00e1 en esta misma sede el 12 y 27 de agosto pr\u00f3ximos, con los mismos servicios, los cuales incluyen la tramitaci\u00f3n por primera vez de la credencial para votar, cualquier actualizaci\u00f3n, correcci\u00f3n de los datos personales, del domicilio o la reposici\u00f3n del documento.<\/p>\n<p>Para el tr\u00e1mite de su INE, la persona solicitante debe acudir personalmente, llevando un documento que acredite la nacionalidad mexicana, ya sea por nacimiento o naturalizaci\u00f3n; documento expedido por autoridad mexicana en donde se se\u00f1ale la fecha y lugar de nacimiento, o una Matr\u00edcula Consular de Alta Seguridad expedida en consulado o embajada, siempre y cuando cuente con la Clave \u00danica de Registro de Poblaci\u00f3n (CURP).<\/p>\n<p>Tambi\u00e9n una identificaci\u00f3n con fotograf\u00eda original expedida por una instituci\u00f3n, ente p\u00fablico o empresa debidamente constituida y reconocida. La fecha de expedici\u00f3n no debe ser de m\u00e1s de 10 a\u00f1os, lo cual no aplica con la Cartilla de Servicio Militar Nacional, C\u00e9dula Profesional y credenciales expedidas por el Instituto Nacional de las Personas Adultas Mayores (INAPAM).<\/p>\n<p>Como comprobante de domicilio puede llevar un recibo de tel\u00e9fono, electricidad, documento bancario, escolar o de servicios p\u00fablicos o privados, con no m\u00e1s de 3 meses de antig\u00fcedad, y no es necesario que est\u00e9 a nombre del titular.<br \/>\nDeber\u00e1n contar con nombre y RFC de la instituci\u00f3n que lo emite, n\u00famero de folio, fecha<\/p>\n","protected":false},"excerpt":{"rendered":"<p>Hermosillo, Sonora; 22 de junio, 2025.- El pr\u00f3ximo mi\u00e9rcoles 25 de junio, las personas que requieran inscribirse en el padr\u00f3n electoral, una reposici\u00f3n de credencial de elector o alguna actualizaci\u00f3n de datos del documento, tendr\u00e1n a su disposici\u00f3n el m\u00f3dulo m\u00f3vil del Instituto Nacional Electoral (INE) en el Palacio Municipal de Hermosillo. Los servicios se [&hellip;]<\/p>\n","protected":false},"author":2,"featured_media":222324,"comment_status":"closed","ping_status":"closed","sticky":false,"template":"","format":"standard","meta":{"footnotes":""},"categories":[12870,178],"tags":[12865,12869],"class_list":["post-222323","post","type-post","status-publish","format-standard","has-post-thumbnail","hentry","category-destacadas","category-local","tag-destacadas","tag-local"],"jetpack_featured_media_url":"https:\/\/rnoticias.com.mx\/Portal\/wp-content\/uploads\/2025\/06\/f1bbe19d-d1cc-4cd7-899e-0ef9d7eedb0e.jpg","amp_enabled":true,"_links":{"self":[{"href":"https:\/\/rnoticias.com.mx\/Portal\/wp-json\/wp\/v2\/posts\/222323","targetHints":{"allow":["GET"]}}],"collection":[{"href":"https:\/\/rnoticias.com.mx\/Portal\/wp-json\/wp\/v2\/posts"}],"about":[{"href":"https:\/\/rnoticias.com.mx\/Portal\/wp-json\/wp\/v2\/types\/post"}],"author":[{"embeddable":true,"href":"https:\/\/rnoticias.com.mx\/Portal\/wp-json\/wp\/v2\/users\/2"}],"replies":[{"embeddable":true,"href":"https:\/\/rnoticias.com.mx\/Portal\/wp-json\/wp\/v2\/comments?post=222323"}],"version-history":[{"count":1,"href":"https:\/\/rnoticias.com.mx\/Portal\/wp-json\/wp\/v2\/posts\/222323\/revisions"}],"predecessor-version":[{"id":222325,"href":"https:\/\/rnoticias.com.mx\/Portal\/wp-json\/wp\/v2\/posts\/222323\/revisions\/222325"}],"wp:featuredmedia":[{"embeddable":true,"href":"https:\/\/rnoticias.com.mx\/Portal\/wp-json\/wp\/v2\/media\/222324"}],"wp:attachment":[{"href":"https:\/\/rnoticias.com.mx\/Portal\/wp-json\/wp\/v2\/media?parent=222323"}],"wp:term":[{"taxonomy":"category","embeddable":true,"href":"https:\/\/rnoticias.com.mx\/Portal\/wp-json\/wp\/v2\/categories?post=222323"},{"taxonomy":"post_tag","embeddable":true,"href":"https:\/\/rnoticias.com.mx\/Portal\/wp-json\/wp\/v2\/tags?post=222323"}],"curies":[{"name":"wp","href":"https:\/\/api.w.org\/{rel}","templated":true}]}}