{"id":222320,"date":"2025-06-23T14:10:30","date_gmt":"2025-06-23T21:10:30","guid":{"rendered":"https:\/\/rnoticias.com.mx\/Portal\/?p=222320"},"modified":"2025-06-23T14:10:30","modified_gmt":"2025-06-23T21:10:30","slug":"detiene-gobierno-de-sonora-a-generadores-de-violencia-en-operativo-de-la-policia-estatal","status":"publish","type":"post","link":"https:\/\/rnoticias.com.mx\/Portal\/2025\/06\/23\/detiene-gobierno-de-sonora-a-generadores-de-violencia-en-operativo-de-la-policia-estatal\/","title":{"rendered":"Detiene Gobierno de Sonora a generadores de violencia en operativo de la Polic\u00eda Estatal"},"content":{"rendered":"<p>Hermosillo, Sonora; 23 de junio de 2025.- Con los operativos que realiza el Gobierno de Sonora, a trav\u00e9s de la Secretar\u00eda de Seguridad P\u00fablica (SSP), en una semana de acciones para prevenir y combatir el delito se logr\u00f3 la detenci\u00f3n de 84 personas, as\u00ed como de cuatro c\u00e9lulas generadoras de violencia.<\/p>\n<p>Como resultado del trabajo operativo, del 16 al 22 de junio, la Polic\u00eda Estatal de Seguridad P\u00fablica (PESP) implement\u00f3 estrategias de seguridad en coordinaci\u00f3n con los tres niveles de gobierno, asegurando el equivalente a mil 616 envoltorios con sustancias similares a narc\u00f3ticos.<\/p>\n<p>Durante el mismo periodo, oficiales de la PESP localizaron un punto de vigilancia y aseguraron 11 armas de fuego, 20 cargadores y alrededor de 207 cartuchos de diferentes calibres.<\/p>\n<p>En atenci\u00f3n a denuncias ciudadanas, se recuperaron un total de 21 veh\u00edculos con reporte de robo en distintos puntos del pa\u00eds y el extranjero.<\/p>\n<p>La proximidad ciudadana de la PESP se ha fomentado durante los patrullajes de vigilancia en colonias y regiones prioritarias, donde la Polic\u00eda Estatal se acerca a la poblaci\u00f3n en diversos espacios, como parques, plazas y escuelas. En este \u00faltimo \u00e1mbito, se imparten temas de prevenci\u00f3n de la violencia y cultura de paz, a trav\u00e9s de los programas Promotores de la Paz y Educando SALVA.<\/p>\n","protected":false},"excerpt":{"rendered":"<p>Hermosillo, Sonora; 23 de junio de 2025.- Con los operativos que realiza el Gobierno de Sonora, a trav\u00e9s de la Secretar\u00eda de Seguridad P\u00fablica (SSP), en una semana de acciones para prevenir y combatir el delito se logr\u00f3 la detenci\u00f3n de 84 personas, as\u00ed como de cuatro c\u00e9lulas generadoras de violencia. Como resultado del trabajo [&hellip;]<\/p>\n","protected":false},"author":2,"featured_media":222321,"comment_status":"closed","ping_status":"closed","sticky":false,"template":"","format":"standard","meta":{"footnotes":""},"categories":[12870,178],"tags":[12865,12869],"class_list":["post-222320","post","type-post","status-publish","format-standard","has-post-thumbnail","hentry","category-destacadas","category-local","tag-destacadas","tag-local"],"jetpack_featured_media_url":"https:\/\/rnoticias.com.mx\/Portal\/wp-content\/uploads\/2025\/06\/unnamed-97.jpg","amp_enabled":true,"_links":{"self":[{"href":"https:\/\/rnoticias.com.mx\/Portal\/wp-json\/wp\/v2\/posts\/222320","targetHints":{"allow":["GET"]}}],"collection":[{"href":"https:\/\/rnoticias.com.mx\/Portal\/wp-json\/wp\/v2\/posts"}],"about":[{"href":"https:\/\/rnoticias.com.mx\/Portal\/wp-json\/wp\/v2\/types\/post"}],"author":[{"embeddable":true,"href":"https:\/\/rnoticias.com.mx\/Portal\/wp-json\/wp\/v2\/users\/2"}],"replies":[{"embeddable":true,"href":"https:\/\/rnoticias.com.mx\/Portal\/wp-json\/wp\/v2\/comments?post=222320"}],"version-history":[{"count":1,"href":"https:\/\/rnoticias.com.mx\/Portal\/wp-json\/wp\/v2\/posts\/222320\/revisions"}],"predecessor-version":[{"id":222322,"href":"https:\/\/rnoticias.com.mx\/Portal\/wp-json\/wp\/v2\/posts\/222320\/revisions\/222322"}],"wp:featuredmedia":[{"embeddable":true,"href":"https:\/\/rnoticias.com.mx\/Portal\/wp-json\/wp\/v2\/media\/222321"}],"wp:attachment":[{"href":"https:\/\/rnoticias.com.mx\/Portal\/wp-json\/wp\/v2\/media?parent=222320"}],"wp:term":[{"taxonomy":"category","embeddable":true,"href":"https:\/\/rnoticias.com.mx\/Portal\/wp-json\/wp\/v2\/categories?post=222320"},{"taxonomy":"post_tag","embeddable":true,"href":"https:\/\/rnoticias.com.mx\/Portal\/wp-json\/wp\/v2\/tags?post=222320"}],"curies":[{"name":"wp","href":"https:\/\/api.w.org\/{rel}","templated":true}]}}