{"id":222317,"date":"2025-06-23T11:22:37","date_gmt":"2025-06-23T18:22:37","guid":{"rendered":"https:\/\/rnoticias.com.mx\/Portal\/?p=222317"},"modified":"2025-06-23T11:22:37","modified_gmt":"2025-06-23T18:22:37","slug":"gobernador-durazo-cumple-a-pueblos-originarios-y-sierra-alta-garantiza-conectividad-con-caminos-artesanales","status":"publish","type":"post","link":"https:\/\/rnoticias.com.mx\/Portal\/2025\/06\/23\/gobernador-durazo-cumple-a-pueblos-originarios-y-sierra-alta-garantiza-conectividad-con-caminos-artesanales\/","title":{"rendered":"Gobernador Durazo cumple a pueblos originarios y Sierra Alta; garantiza conectividad con Caminos Artesanales"},"content":{"rendered":"<p>Hermosillo, Sonora; 22 de junio de 2025.- Con visi\u00f3n de justicia social y compromiso territorial, el gobernador Alfonso Durazo Monta\u00f1o avanza en la construcci\u00f3n y rehabilitaci\u00f3n de caminos artesanales en Sonora para beneficio de los municipios de la Sierra Alta y comunidades ind\u00edgenas, a trav\u00e9s del programa de rescate de carreteras rurales, obras estrat\u00e9gicas incluidas en los Planes de Justicia para los Pueblos Originarios.<\/p>\n<p>El mandatario estatal se\u00f1al\u00f3 que se realiza un esfuerzo hist\u00f3rico para mejorar la conectividad en poblaciones que por d\u00e9cadas estuvieron en abandono, y en colaboraci\u00f3n con la Secretar\u00eda de Infraestructura, Comunicaciones y Transportes (SICT), el Instituto Nacional de los Pueblos Ind\u00edgenas (INPI) y gobiernos municipales, se han invertido m\u00e1s de 499 millones de pesos en la Sierra Alta, beneficiando a 10 municipios con un avance del 93.43 por ciento y una meta de 105.16 kil\u00f3metros de caminos construidos con mano de obra local.<\/p>\n<p>En municipios como Rosario, Bacanora, Sahuaripa, \u00d3navas, Soyopa, Y\u00e9cora, Quiriego y Opodepe, los caminos fueron concluidos al 100 por ciento, mientras que en Arivechi y San Javier las obras contin\u00faan su proceso. Este modelo, impulsado por el gobernador Durazo, no solo mejora la movilidad, sino que fortalece el tejido comunitario y el arraigo territorial.<\/p>\n<p>Durazo Monta\u00f1o reconoci\u00f3 el respaldo clave del expresidente Andr\u00e9s Manuel L\u00f3pez Obrador, quien inici\u00f3 esta pol\u00edtica bajo el enfoque de justicia social para los pueblos originarios, y agradeci\u00f3 el respaldo de la presidenta Claudia Sheinbaum Pardo, quien ha reafirmado su compromiso de continuidad y fortalecimiento de estos proyectos transformadores.<\/p>\n<p>Adem\u00e1s, como parte de los Planes de Justicia para los Pueblos Originarios, se desarrollan caminos artesanales con una inversi\u00f3n superior a los 350 millones de pesos para rehabilitar m\u00e1s de 40 kil\u00f3metros en comunidades Yaquis, Seri-Comca\u2019ac, Mayo-Yoreme y Guarij\u00edo-Makurawe impulsados con enfoque de participaci\u00f3n comunitaria y respeto a la identidad cultural.<\/p>\n","protected":false},"excerpt":{"rendered":"<p>Hermosillo, Sonora; 22 de junio de 2025.- Con visi\u00f3n de justicia social y compromiso territorial, el gobernador Alfonso Durazo Monta\u00f1o avanza en la construcci\u00f3n y rehabilitaci\u00f3n de caminos artesanales en Sonora para beneficio de los municipios de la Sierra Alta y comunidades ind\u00edgenas, a trav\u00e9s del programa de rescate de carreteras rurales, obras estrat\u00e9gicas incluidas [&hellip;]<\/p>\n","protected":false},"author":2,"featured_media":222318,"comment_status":"closed","ping_status":"closed","sticky":false,"template":"","format":"standard","meta":{"footnotes":""},"categories":[12870,178],"tags":[12865,12869],"class_list":["post-222317","post","type-post","status-publish","format-standard","has-post-thumbnail","hentry","category-destacadas","category-local","tag-destacadas","tag-local"],"jetpack_featured_media_url":"https:\/\/rnoticias.com.mx\/Portal\/wp-content\/uploads\/2025\/06\/unnamed-96.jpg","amp_enabled":true,"_links":{"self":[{"href":"https:\/\/rnoticias.com.mx\/Portal\/wp-json\/wp\/v2\/posts\/222317","targetHints":{"allow":["GET"]}}],"collection":[{"href":"https:\/\/rnoticias.com.mx\/Portal\/wp-json\/wp\/v2\/posts"}],"about":[{"href":"https:\/\/rnoticias.com.mx\/Portal\/wp-json\/wp\/v2\/types\/post"}],"author":[{"embeddable":true,"href":"https:\/\/rnoticias.com.mx\/Portal\/wp-json\/wp\/v2\/users\/2"}],"replies":[{"embeddable":true,"href":"https:\/\/rnoticias.com.mx\/Portal\/wp-json\/wp\/v2\/comments?post=222317"}],"version-history":[{"count":1,"href":"https:\/\/rnoticias.com.mx\/Portal\/wp-json\/wp\/v2\/posts\/222317\/revisions"}],"predecessor-version":[{"id":222319,"href":"https:\/\/rnoticias.com.mx\/Portal\/wp-json\/wp\/v2\/posts\/222317\/revisions\/222319"}],"wp:featuredmedia":[{"embeddable":true,"href":"https:\/\/rnoticias.com.mx\/Portal\/wp-json\/wp\/v2\/media\/222318"}],"wp:attachment":[{"href":"https:\/\/rnoticias.com.mx\/Portal\/wp-json\/wp\/v2\/media?parent=222317"}],"wp:term":[{"taxonomy":"category","embeddable":true,"href":"https:\/\/rnoticias.com.mx\/Portal\/wp-json\/wp\/v2\/categories?post=222317"},{"taxonomy":"post_tag","embeddable":true,"href":"https:\/\/rnoticias.com.mx\/Portal\/wp-json\/wp\/v2\/tags?post=222317"}],"curies":[{"name":"wp","href":"https:\/\/api.w.org\/{rel}","templated":true}]}}