{"id":222314,"date":"2025-06-23T11:15:12","date_gmt":"2025-06-23T18:15:12","guid":{"rendered":"https:\/\/rnoticias.com.mx\/Portal\/?p=222314"},"modified":"2025-06-23T11:15:12","modified_gmt":"2025-06-23T18:15:12","slug":"se-consolida-la-fuerza-naranja-en-sonora","status":"publish","type":"post","link":"https:\/\/rnoticias.com.mx\/Portal\/2025\/06\/23\/se-consolida-la-fuerza-naranja-en-sonora\/","title":{"rendered":"Se consolida la Fuerza Naranja en Sonora"},"content":{"rendered":"<div><b>Hermosillo, Sonora a 22 de\u00a0<\/b><b>junio 2025<\/b>.- Movimiento Ciudadano ya es la segunda fuerza de M\u00e9xico, gracias al trabajo, la pasi\u00f3n y la alegr\u00eda de miles de mujeres y hombres valientes que con orgullo y convicci\u00f3n dan la cara ante la sociedad.<br \/>\nEn Sonora la fuerza naranja est\u00e1 trabajando en la consolidaci\u00f3n de este movimiento, expres\u00f3 el coordinador nacional, Jorge \u00c1lvarez M\u00e1ynez, al tomar protesta a Natalia Rivera Grijalva como Coordinadora Estatal de Movimiento Ciudadano Sonora.<\/div>\n<div>\nDurante la IV Convenci\u00f3n Estatal, el l\u00edder de Movimiento Ciudadano comparti\u00f3 que ha sido testigo de c\u00f3mo actores pol\u00edticos est\u00e1n siendo referentes en M\u00e9xico, provenientes de familias de valores y principios y que representan dignamente las causas de los ciudadanos, al hacer pol\u00edtica que da resultados.<\/div>\n<div>\n\u201cEl orgullo y la verdadera convicci\u00f3n de militar en el lugar correcto, es algo que he aprendido de los sonorenses, y hoy, en un honor estar en esta Convenci\u00f3n Estatal acompa\u00f1ando a la Coordinadora Estatal en Sonora, Natalia Rivera\u201d, dijo.<\/div>\n<div>\nCon la representaci\u00f3n de gran parte de los 72 municipios del estado de Sonora, Alcaldes y Alcaldesas, Regidores y Regidoras, Militantes y Simpatizantes, la elecci\u00f3n de Natalia Rivera Grijalva como Coordinadora Estatal de Movimiento Ciudadano; Gustavo Almada B\u00f3rquez, como presidente del Consejo Estatal \u00a0y la renovaci\u00f3n de los \u00d3rganos de Direcci\u00f3n, \u00a0se dio de manera un\u00e1nime por delegados.<\/div>\n<div>\n\u201cSomos la fuerza que cada vez gana m\u00e1s simpat\u00edas porque entiende lo que la ciudadan\u00eda necesita y requiere para que M\u00e9xico y Sonora tengan una alternativa positiva, porque contamos con la energ\u00eda y el compromiso de miles que han cre\u00eddo y siguen creyendo que se puede. La tarea est\u00e1 ah\u00ed: 2 millones de electores que NO quieren a la oposici\u00f3n, pero sue\u00f1an con una ALTERNATIVA\u201d, expres\u00f3 Natalia Rivera.<\/div>\n<div>\nNatalia Rivera dijo que hay una ruta clara, y la invitaci\u00f3n est\u00e1 abierta a todos y todas, \u201cEs una invitaci\u00f3n a trabajar en un proyecto inmediato para Sonora, para abrir estas nuevas brechas y andar por nuevos caminos. a sumar nuevas ideas, nuevos \u00e1nimos, nuevas generaciones\u2026 para seguir creciendo, para seguir convenciendo, para seguir cumpliendo\u201d.<\/div>\n<div>\nPor su parte, Manuel Scott, diputado local y coordinador saliente se\u00f1al\u00f3 que esta transici\u00f3n es el resultado de la consolidaci\u00f3n del trabajo en equipo de ciudadanos y ciudadanas valientes, comprometidos para dignificar el servicio p\u00fablico.<\/div>\n<div>\n\u201cDe Norte a Sur, de la Frontera a la Sierra, nuestro movimiento se consolida y est\u00e1 listo para seguir dando la pelea por los sonorenses desde las causas; hay j\u00f3venes, mujeres, alcaldes, regidores y diputados listos y muy comprometidos\u201d.<\/div>\n<div>\nPara el desarrollo de la Convenci\u00f3n Estatal se cont\u00f3 con la participaci\u00f3n de autoridades nacionales de MC, como Jessica Ortega, Presidenta nacional del Consejo; de Isaac Barrios Ochoa, tesorero; Julieta Mac\u00edas R\u00e1bago, en representaci\u00f3n del l\u00edder Dante Delgado e integrante de la Comisi\u00f3n Operativa Nacional; Juan Zavala Guti\u00e9rrez, diputado federal; Luz Camila Guerra, vicecoordinadora Nacional de J\u00f3venes en Movimiento.<\/div>\n<div>\nBenjam\u00edn Alamillo Gonz\u00e1lez, secretario nacional de Asuntos Municipales; Agust\u00edn Torres Delgado, secretario General de Acuerdos; Braulio L\u00f3pez Ochoa Mijares, el presidente de la Fundaci\u00f3n M\u00e9xico con Valores e integrante de la Comisi\u00f3n Operativa Nacional.<\/div>\n","protected":false},"excerpt":{"rendered":"<p>Hermosillo, Sonora a 22 de\u00a0junio 2025.- Movimiento Ciudadano ya es la segunda fuerza de M\u00e9xico, gracias al trabajo, la pasi\u00f3n y la alegr\u00eda de miles de mujeres y hombres valientes que con orgullo y convicci\u00f3n dan la cara ante la sociedad. En Sonora la fuerza naranja est\u00e1 trabajando en la consolidaci\u00f3n de este movimiento, expres\u00f3 [&hellip;]<\/p>\n","protected":false},"author":2,"featured_media":222315,"comment_status":"closed","ping_status":"closed","sticky":false,"template":"","format":"standard","meta":{"footnotes":""},"categories":[12870,12868],"tags":[12865,12879],"class_list":["post-222314","post","type-post","status-publish","format-standard","has-post-thumbnail","hentry","category-destacadas","category-politica","tag-destacadas","tag-politica"],"jetpack_featured_media_url":"https:\/\/rnoticias.com.mx\/Portal\/wp-content\/uploads\/2025\/06\/IMG02.jpeg","amp_enabled":true,"_links":{"self":[{"href":"https:\/\/rnoticias.com.mx\/Portal\/wp-json\/wp\/v2\/posts\/222314","targetHints":{"allow":["GET"]}}],"collection":[{"href":"https:\/\/rnoticias.com.mx\/Portal\/wp-json\/wp\/v2\/posts"}],"about":[{"href":"https:\/\/rnoticias.com.mx\/Portal\/wp-json\/wp\/v2\/types\/post"}],"author":[{"embeddable":true,"href":"https:\/\/rnoticias.com.mx\/Portal\/wp-json\/wp\/v2\/users\/2"}],"replies":[{"embeddable":true,"href":"https:\/\/rnoticias.com.mx\/Portal\/wp-json\/wp\/v2\/comments?post=222314"}],"version-history":[{"count":1,"href":"https:\/\/rnoticias.com.mx\/Portal\/wp-json\/wp\/v2\/posts\/222314\/revisions"}],"predecessor-version":[{"id":222316,"href":"https:\/\/rnoticias.com.mx\/Portal\/wp-json\/wp\/v2\/posts\/222314\/revisions\/222316"}],"wp:featuredmedia":[{"embeddable":true,"href":"https:\/\/rnoticias.com.mx\/Portal\/wp-json\/wp\/v2\/media\/222315"}],"wp:attachment":[{"href":"https:\/\/rnoticias.com.mx\/Portal\/wp-json\/wp\/v2\/media?parent=222314"}],"wp:term":[{"taxonomy":"category","embeddable":true,"href":"https:\/\/rnoticias.com.mx\/Portal\/wp-json\/wp\/v2\/categories?post=222314"},{"taxonomy":"post_tag","embeddable":true,"href":"https:\/\/rnoticias.com.mx\/Portal\/wp-json\/wp\/v2\/tags?post=222314"}],"curies":[{"name":"wp","href":"https:\/\/api.w.org\/{rel}","templated":true}]}}