{"id":222302,"date":"2025-06-21T16:01:30","date_gmt":"2025-06-21T23:01:30","guid":{"rendered":"https:\/\/rnoticias.com.mx\/Portal\/?p=222302"},"modified":"2025-06-21T16:01:30","modified_gmt":"2025-06-21T23:01:30","slug":"cedera-el-calor-extremo-este-fin-de-semana-en-sonora-conagua","status":"publish","type":"post","link":"https:\/\/rnoticias.com.mx\/Portal\/2025\/06\/21\/cedera-el-calor-extremo-este-fin-de-semana-en-sonora-conagua\/","title":{"rendered":"Ceder\u00e1 el calor extremo este fin de semana en Sonora: Conagua"},"content":{"rendered":"<p>La Comisi\u00f3n Nacional del Agua (Conagua) dio a conocer que, a partir de este fin de semana, se comenzar\u00e1 a sentir un ligero descenso de las temperaturas especialmente de los valores m\u00e1ximos.<\/p>\n<p>&nbsp;<\/p>\n<p>Gilberto Lagarda V\u00e1zquez, especialista t\u00e9cnico de Conagua, mencion\u00f3 que esta reducci\u00f3n de temperaturas se debe a que ya no afectar\u00e1 al estado una circulaci\u00f3n anticicl\u00f3nica y la cual contribuy\u00f3 para que en varios municipios se sintieran valores m\u00e1ximos de 45 grados o m\u00e1s.<\/p>\n<p>&nbsp;<\/p>\n<p>\u201cLa circulaci\u00f3n anticicl\u00f3nica sobre el estado de Sonora comienza a perder fuerza y se espera se debilite y se retire del estado en el transcurso de este fin de semana, as\u00ed es que empezaremos a experimentar un descenso de temperaturas para los siguientes d\u00edas y que esto ayudar\u00e1 a que las temperaturas m\u00e1ximas se carguen m\u00e1s a los 40 grados y abandonen varias poblaciones los 45 grados cent\u00edgrados\u201d, dijo.<\/p>\n<p>&nbsp;<\/p>\n<p>Por otra parte, Lagarda V\u00e1zquez mencion\u00f3 que para este fin de semana tambi\u00e9n se comenzar\u00e1 a fortalecer el inicio del Monz\u00f3n y ello ayudar\u00e1 para que se eleven las posibilidades para la presencia de lluvias en la sierra oriental sonorense en las pr\u00f3ximas horas.<\/p>\n","protected":false},"excerpt":{"rendered":"<p>La Comisi\u00f3n Nacional del Agua (Conagua) dio a conocer que, a partir de este fin de semana, se comenzar\u00e1 a sentir un ligero descenso de las temperaturas especialmente de los valores m\u00e1ximos. &nbsp; Gilberto Lagarda V\u00e1zquez, especialista t\u00e9cnico de Conagua, mencion\u00f3 que esta reducci\u00f3n de temperaturas se debe a que ya no afectar\u00e1 al estado [&hellip;]<\/p>\n","protected":false},"author":2,"featured_media":222303,"comment_status":"closed","ping_status":"closed","sticky":false,"template":"","format":"standard","meta":{"footnotes":""},"categories":[12870,178],"tags":[12865,12869],"class_list":["post-222302","post","type-post","status-publish","format-standard","has-post-thumbnail","hentry","category-destacadas","category-local","tag-destacadas","tag-local"],"jetpack_featured_media_url":"https:\/\/rnoticias.com.mx\/Portal\/wp-content\/uploads\/2025\/06\/501a1650b0f30be38793b4460d59c573.jpg","amp_enabled":true,"_links":{"self":[{"href":"https:\/\/rnoticias.com.mx\/Portal\/wp-json\/wp\/v2\/posts\/222302","targetHints":{"allow":["GET"]}}],"collection":[{"href":"https:\/\/rnoticias.com.mx\/Portal\/wp-json\/wp\/v2\/posts"}],"about":[{"href":"https:\/\/rnoticias.com.mx\/Portal\/wp-json\/wp\/v2\/types\/post"}],"author":[{"embeddable":true,"href":"https:\/\/rnoticias.com.mx\/Portal\/wp-json\/wp\/v2\/users\/2"}],"replies":[{"embeddable":true,"href":"https:\/\/rnoticias.com.mx\/Portal\/wp-json\/wp\/v2\/comments?post=222302"}],"version-history":[{"count":1,"href":"https:\/\/rnoticias.com.mx\/Portal\/wp-json\/wp\/v2\/posts\/222302\/revisions"}],"predecessor-version":[{"id":222304,"href":"https:\/\/rnoticias.com.mx\/Portal\/wp-json\/wp\/v2\/posts\/222302\/revisions\/222304"}],"wp:featuredmedia":[{"embeddable":true,"href":"https:\/\/rnoticias.com.mx\/Portal\/wp-json\/wp\/v2\/media\/222303"}],"wp:attachment":[{"href":"https:\/\/rnoticias.com.mx\/Portal\/wp-json\/wp\/v2\/media?parent=222302"}],"wp:term":[{"taxonomy":"category","embeddable":true,"href":"https:\/\/rnoticias.com.mx\/Portal\/wp-json\/wp\/v2\/categories?post=222302"},{"taxonomy":"post_tag","embeddable":true,"href":"https:\/\/rnoticias.com.mx\/Portal\/wp-json\/wp\/v2\/tags?post=222302"}],"curies":[{"name":"wp","href":"https:\/\/api.w.org\/{rel}","templated":true}]}}