{"id":222299,"date":"2025-06-21T16:00:49","date_gmt":"2025-06-21T23:00:49","guid":{"rendered":"https:\/\/rnoticias.com.mx\/Portal\/?p=222299"},"modified":"2025-06-21T16:00:49","modified_gmt":"2025-06-21T23:00:49","slug":"designa-el-papa-a-mexicano-como-coordinador-de-sus-viajes","status":"publish","type":"post","link":"https:\/\/rnoticias.com.mx\/Portal\/2025\/06\/21\/designa-el-papa-a-mexicano-como-coordinador-de-sus-viajes\/","title":{"rendered":"Designa el Papa a mexicano como coordinador de sus viajes"},"content":{"rendered":"<p>El mexicano<strong>\u00a0Jos\u00e9 Nah\u00fam Jairo Salas Casta\u00f1eda<\/strong>\u00a0fue designado por el Papa Le\u00f3n XIV como\u00a0<strong>coordinador de los Viajes Apost\u00f3licos de Su Santidad.<\/strong><\/p>\n<p>Salas Casta\u00f1eda sustituye en el cargo al cardenal\u00a0<strong>George Koovakad,<\/strong>\u00a0quien desde el 21 de enero de 2025, ocupa el cargo de prefecto del Dicasterio para el Di\u00e1logo Interreligioso.<\/p>\n<p>El anuncio fue realizado por monse\u00f1or Edgar Pe\u00f1a Parra, sustituto para los Asuntos Generales, tras el rezo del \u00c1ngelus. El nombramiento fue confirmado por la cuenta vaticana Terza Loggia en la red social X.<\/p>\n<div id=\"eldia-2876504817\" class=\"eldia-contenido eldia-target\" data-eldia-trackid=\"1573641\" data-eldia-trackbid=\"1\"><\/div>\n<div id=\"eldia-2457079225\" class=\"eldia-contenido-2 eldia-target\" data-eldia-trackid=\"1765657\" data-eldia-trackbid=\"1\"><\/div>\n<p>Monse\u00f1or Jos\u00e9 Nah\u00fam Jairo Salas Casta\u00f1eda naci\u00f3 el 11 de julio de 1978 en Santa Clara, estado de Durango (M\u00e9xico), fue<strong>\u00a0ordenado sacerdote el 4 de diciembre de 2008<\/strong>\u00a0y obtuvo la licenciatura en Derecho Can\u00f3nico en la Pontificia Universidad Lateranense de Roma.<\/p>\n<p>Ingres\u00f3 al servicio diplom\u00e1tico de la Santa Sede el 1 de julio de 2013, prestando servicio en las\u00a0<strong>Representaciones Pontificias en Burundi<\/strong>\u00a0(2013-2016), Irak (2016-2019) y Hungr\u00eda (2019-2023). En este \u00faltimo pa\u00eds, particip\u00f3 en la organizaci\u00f3n de dos viajes apost\u00f3licos del Papa Francisco: en septiembre de 2021, con ocasi\u00f3n del 52\u00ba Congreso Eucar\u00edstico Internacional, y en abril de 2023.<\/p>\n<p>Desde el 1 de julio de 2023, se desempe\u00f1aba como oficial de la Secci\u00f3n para los<strong>\u00a0Asuntos Generales de la Secretar\u00eda de Estado,\u00a0<\/strong>donde tambi\u00e9n fue responsable de la Oficina Central de Estad\u00edstica de la Iglesia, encarg\u00e1ndose del Anuario Pontificio y de su pr\u00f3xima digitalizaci\u00f3n.<\/p>\n<div class=\"stream-item stream-item-in-post stream-item-inline-post aligncenter\">\n<div class=\"stream-item-size\"><\/div>\n<\/div>\n<p>Agencias<\/p>\n","protected":false},"excerpt":{"rendered":"<p>El mexicano\u00a0Jos\u00e9 Nah\u00fam Jairo Salas Casta\u00f1eda\u00a0fue designado por el Papa Le\u00f3n XIV como\u00a0coordinador de los Viajes Apost\u00f3licos de Su Santidad. Salas Casta\u00f1eda sustituye en el cargo al cardenal\u00a0George Koovakad,\u00a0quien desde el 21 de enero de 2025, ocupa el cargo de prefecto del Dicasterio para el Di\u00e1logo Interreligioso. El anuncio fue realizado por monse\u00f1or Edgar Pe\u00f1a [&hellip;]<\/p>\n","protected":false},"author":2,"featured_media":222300,"comment_status":"closed","ping_status":"closed","sticky":false,"template":"","format":"standard","meta":{"footnotes":""},"categories":[12870,172],"tags":[12865,12874],"class_list":["post-222299","post","type-post","status-publish","format-standard","has-post-thumbnail","hentry","category-destacadas","category-nacional","tag-destacadas","tag-nacional"],"jetpack_featured_media_url":"https:\/\/rnoticias.com.mx\/Portal\/wp-content\/uploads\/2025\/06\/images-1-1.jpg","amp_enabled":true,"_links":{"self":[{"href":"https:\/\/rnoticias.com.mx\/Portal\/wp-json\/wp\/v2\/posts\/222299","targetHints":{"allow":["GET"]}}],"collection":[{"href":"https:\/\/rnoticias.com.mx\/Portal\/wp-json\/wp\/v2\/posts"}],"about":[{"href":"https:\/\/rnoticias.com.mx\/Portal\/wp-json\/wp\/v2\/types\/post"}],"author":[{"embeddable":true,"href":"https:\/\/rnoticias.com.mx\/Portal\/wp-json\/wp\/v2\/users\/2"}],"replies":[{"embeddable":true,"href":"https:\/\/rnoticias.com.mx\/Portal\/wp-json\/wp\/v2\/comments?post=222299"}],"version-history":[{"count":1,"href":"https:\/\/rnoticias.com.mx\/Portal\/wp-json\/wp\/v2\/posts\/222299\/revisions"}],"predecessor-version":[{"id":222301,"href":"https:\/\/rnoticias.com.mx\/Portal\/wp-json\/wp\/v2\/posts\/222299\/revisions\/222301"}],"wp:featuredmedia":[{"embeddable":true,"href":"https:\/\/rnoticias.com.mx\/Portal\/wp-json\/wp\/v2\/media\/222300"}],"wp:attachment":[{"href":"https:\/\/rnoticias.com.mx\/Portal\/wp-json\/wp\/v2\/media?parent=222299"}],"wp:term":[{"taxonomy":"category","embeddable":true,"href":"https:\/\/rnoticias.com.mx\/Portal\/wp-json\/wp\/v2\/categories?post=222299"},{"taxonomy":"post_tag","embeddable":true,"href":"https:\/\/rnoticias.com.mx\/Portal\/wp-json\/wp\/v2\/tags?post=222299"}],"curies":[{"name":"wp","href":"https:\/\/api.w.org\/{rel}","templated":true}]}}