{"id":222296,"date":"2025-06-21T15:55:04","date_gmt":"2025-06-21T22:55:04","guid":{"rendered":"https:\/\/rnoticias.com.mx\/Portal\/?p=222296"},"modified":"2025-06-21T15:55:04","modified_gmt":"2025-06-21T22:55:04","slug":"gobierno-de-sonora-celebra-40-anos-del-centro-ecologico-con-actividades-familiares","status":"publish","type":"post","link":"https:\/\/rnoticias.com.mx\/Portal\/2025\/06\/21\/gobierno-de-sonora-celebra-40-anos-del-centro-ecologico-con-actividades-familiares\/","title":{"rendered":"Gobierno de Sonora celebra 40 a\u00f1os del Centro Ecol\u00f3gico con actividades familiares"},"content":{"rendered":"<p>Hermosillo, Sonora; 21 de Junio de 205.\u2013 En el marco de su 40 aniversario, el Gobierno de Sonora celebr\u00f3 una emotiva ceremonia para conmemorar la historia y evoluci\u00f3n del Centro Ecol\u00f3gico de Sonora, el cual recibi\u00f3 oficialmente el nombre de \u201cCentro Ecol\u00f3gico de Sonora Dr. Samuel Oca\u00f1a Garc\u00eda\u201d, en honor al visionario exgobernador que impuls\u00f3 su creaci\u00f3n.<\/p>\n<p>El evento reuni\u00f3 a autoridades estatales, personal del centro, estudiantes, visitantes y familias sonorenses, quienes participaron en un programa especial de actividades conmemorativas, entre ellas:<\/p>\n<p>\u2022Historia del Centro Ecol\u00f3gico, su contribuci\u00f3n y manejo: El antes y el despu\u00e9s de la educaci\u00f3n ambiental en Sonora.<\/p>\n<p>\u2022Conferencia: Conservaci\u00f3n: \u00c1reas Naturales Protegidas y Biodiversidad.<\/p>\n<p>\u2022Taller sobre el cambio clim\u00e1tico y sus efectos en nuestro medio ambiente.<\/p>\n<p>\u2022Capacitaci\u00f3n dirigida a las \u00e1reas de Ecolog\u00eda de los 72 Ayuntamientos de Sonora: Cumplimiento del marco legal en materia ambiental.<\/p>\n<p>\u2022Conferencia: Importancia de la Conservaci\u00f3n de la Herpetofauna, a cargo del Presidente de la Asociaci\u00f3n Herpetol\u00f3gica del Estado de Sonora.<\/p>\n<p>\u2022Presentaci\u00f3n: El rescate del patrimonio de los sonorenses: Bosque Urbano La Sauceda.<\/p>\n<p>Tambi\u00e9n se celebro la Caminata Familiar \u201cPor el Medio Ambiente\u201d, un recorrido simb\u00f3lico por el Centro Ecol\u00f3gico de Sonora que reuni\u00f3 a familias, ni\u00f1as, ni\u00f1os y j\u00f3venes en una experiencia de conexi\u00f3n con la naturaleza y compromiso con su conservaci\u00f3n.<\/p>\n<p>Las festividades cerraron con actividad especial en el Observatorio Sonora Antonio Sanchez Ibarra.<\/p>\n<p>Esta celebraci\u00f3n reafirm\u00f3 el compromiso del Gobierno de Sonora con la educaci\u00f3n ambiental, la conservaci\u00f3n de especies y la divulgaci\u00f3n cient\u00edfica, consolidando al Centro Ecol\u00f3gico como un referente en la regi\u00f3n.<\/p>\n","protected":false},"excerpt":{"rendered":"<p>Hermosillo, Sonora; 21 de Junio de 205.\u2013 En el marco de su 40 aniversario, el Gobierno de Sonora celebr\u00f3 una emotiva ceremonia para conmemorar la historia y evoluci\u00f3n del Centro Ecol\u00f3gico de Sonora, el cual recibi\u00f3 oficialmente el nombre de \u201cCentro Ecol\u00f3gico de Sonora Dr. Samuel Oca\u00f1a Garc\u00eda\u201d, en honor al visionario exgobernador que impuls\u00f3 [&hellip;]<\/p>\n","protected":false},"author":2,"featured_media":222297,"comment_status":"closed","ping_status":"closed","sticky":false,"template":"","format":"standard","meta":{"footnotes":""},"categories":[12870,178],"tags":[12865,12869],"class_list":["post-222296","post","type-post","status-publish","format-standard","has-post-thumbnail","hentry","category-destacadas","category-local","tag-destacadas","tag-local"],"jetpack_featured_media_url":"https:\/\/rnoticias.com.mx\/Portal\/wp-content\/uploads\/2025\/06\/unnamed-1-53.jpg","amp_enabled":true,"_links":{"self":[{"href":"https:\/\/rnoticias.com.mx\/Portal\/wp-json\/wp\/v2\/posts\/222296","targetHints":{"allow":["GET"]}}],"collection":[{"href":"https:\/\/rnoticias.com.mx\/Portal\/wp-json\/wp\/v2\/posts"}],"about":[{"href":"https:\/\/rnoticias.com.mx\/Portal\/wp-json\/wp\/v2\/types\/post"}],"author":[{"embeddable":true,"href":"https:\/\/rnoticias.com.mx\/Portal\/wp-json\/wp\/v2\/users\/2"}],"replies":[{"embeddable":true,"href":"https:\/\/rnoticias.com.mx\/Portal\/wp-json\/wp\/v2\/comments?post=222296"}],"version-history":[{"count":1,"href":"https:\/\/rnoticias.com.mx\/Portal\/wp-json\/wp\/v2\/posts\/222296\/revisions"}],"predecessor-version":[{"id":222298,"href":"https:\/\/rnoticias.com.mx\/Portal\/wp-json\/wp\/v2\/posts\/222296\/revisions\/222298"}],"wp:featuredmedia":[{"embeddable":true,"href":"https:\/\/rnoticias.com.mx\/Portal\/wp-json\/wp\/v2\/media\/222297"}],"wp:attachment":[{"href":"https:\/\/rnoticias.com.mx\/Portal\/wp-json\/wp\/v2\/media?parent=222296"}],"wp:term":[{"taxonomy":"category","embeddable":true,"href":"https:\/\/rnoticias.com.mx\/Portal\/wp-json\/wp\/v2\/categories?post=222296"},{"taxonomy":"post_tag","embeddable":true,"href":"https:\/\/rnoticias.com.mx\/Portal\/wp-json\/wp\/v2\/tags?post=222296"}],"curies":[{"name":"wp","href":"https:\/\/api.w.org\/{rel}","templated":true}]}}