{"id":222245,"date":"2025-06-21T14:24:24","date_gmt":"2025-06-21T21:24:24","guid":{"rendered":"https:\/\/rnoticias.com.mx\/Portal\/?p=222245"},"modified":"2025-06-21T14:24:24","modified_gmt":"2025-06-21T21:24:24","slug":"revisa-ine-requisitos-de-elegibilidad-de-magistraturas-de-circuito-y-personas-juzgadoras-de-distrito","status":"publish","type":"post","link":"https:\/\/rnoticias.com.mx\/Portal\/2025\/06\/21\/revisa-ine-requisitos-de-elegibilidad-de-magistraturas-de-circuito-y-personas-juzgadoras-de-distrito\/","title":{"rendered":"Revisa INE requisitos de elegibilidad de Magistraturas de Circuito y personas juzgadoras de Distrito"},"content":{"rendered":"<p class=\"x_MsoNormal\"><span data-olk-copy-source=\"MessageBody\">El Instituto Nacional Electoral (INE) informa que, con base en el Art\u00edculo 17 del Reglamento de Sesiones, el Consejo General declar\u00f3 un receso en la sesi\u00f3n del pasado 18 de junio, en la que se declarar\u00eda el c\u00f3mputo y validez de las elecciones de Magistradas y Magistrados de Circuito, as\u00ed como de Juezas y Jueces de Distrito, debido a que las consejer\u00edas se encuentran revisando la elegibilidad e idoneidad de las y los candidatos.<\/span><\/p>\n<p class=\"x_MsoNormal\">\n<p class=\"x_MsoNormal\">Conforme a los par\u00e1metros constitucionales y los antecedentes de la Sala Superior del Tribunal Electoral del Poder Judicial de la Federaci\u00f3n (TEPJF), se ha instruido que las \u00e1reas ejecutivas del INE realicen los an\u00e1lisis correspondientes de las candidaturas que obtuvieron el mayor n\u00famero de votos en la Jornada Electoral del 1 de junio, para ocupar 850 cargos: 464 para Magistraturas de Circuito y 386 para juzgados de Distrito.<\/p>\n<p class=\"x_MsoNormal\">\n<p class=\"x_MsoNormal\">De este modo, se prev\u00e9 que en los pr\u00f3ximos d\u00edas se reanude la sesi\u00f3n del Consejo General, a fin de analizar y, en su caso, aprobar los acuerdos respectivos a la declaraci\u00f3n de validez de la elecci\u00f3n de Magistraturas de Circuito y personas Juezas de Distrito, a fin de proceder a la entrega de constancias de mayor\u00eda de dichos cargos.<\/p>\n","protected":false},"excerpt":{"rendered":"<p>El Instituto Nacional Electoral (INE) informa que, con base en el Art\u00edculo 17 del Reglamento de Sesiones, el Consejo General declar\u00f3 un receso en la sesi\u00f3n del pasado 18 de junio, en la que se declarar\u00eda el c\u00f3mputo y validez de las elecciones de Magistradas y Magistrados de Circuito, as\u00ed como de Juezas y Jueces [&hellip;]<\/p>\n","protected":false},"author":2,"featured_media":222246,"comment_status":"closed","ping_status":"closed","sticky":false,"template":"","format":"standard","meta":{"footnotes":""},"categories":[12870,12868],"tags":[12865,12879],"class_list":["post-222245","post","type-post","status-publish","format-standard","has-post-thumbnail","hentry","category-destacadas","category-politica","tag-destacadas","tag-politica"],"jetpack_featured_media_url":"https:\/\/rnoticias.com.mx\/Portal\/wp-content\/uploads\/2025\/06\/INE-3.jpg","amp_enabled":true,"_links":{"self":[{"href":"https:\/\/rnoticias.com.mx\/Portal\/wp-json\/wp\/v2\/posts\/222245","targetHints":{"allow":["GET"]}}],"collection":[{"href":"https:\/\/rnoticias.com.mx\/Portal\/wp-json\/wp\/v2\/posts"}],"about":[{"href":"https:\/\/rnoticias.com.mx\/Portal\/wp-json\/wp\/v2\/types\/post"}],"author":[{"embeddable":true,"href":"https:\/\/rnoticias.com.mx\/Portal\/wp-json\/wp\/v2\/users\/2"}],"replies":[{"embeddable":true,"href":"https:\/\/rnoticias.com.mx\/Portal\/wp-json\/wp\/v2\/comments?post=222245"}],"version-history":[{"count":1,"href":"https:\/\/rnoticias.com.mx\/Portal\/wp-json\/wp\/v2\/posts\/222245\/revisions"}],"predecessor-version":[{"id":222247,"href":"https:\/\/rnoticias.com.mx\/Portal\/wp-json\/wp\/v2\/posts\/222245\/revisions\/222247"}],"wp:featuredmedia":[{"embeddable":true,"href":"https:\/\/rnoticias.com.mx\/Portal\/wp-json\/wp\/v2\/media\/222246"}],"wp:attachment":[{"href":"https:\/\/rnoticias.com.mx\/Portal\/wp-json\/wp\/v2\/media?parent=222245"}],"wp:term":[{"taxonomy":"category","embeddable":true,"href":"https:\/\/rnoticias.com.mx\/Portal\/wp-json\/wp\/v2\/categories?post=222245"},{"taxonomy":"post_tag","embeddable":true,"href":"https:\/\/rnoticias.com.mx\/Portal\/wp-json\/wp\/v2\/tags?post=222245"}],"curies":[{"name":"wp","href":"https:\/\/api.w.org\/{rel}","templated":true}]}}