{"id":222239,"date":"2025-06-21T13:49:07","date_gmt":"2025-06-21T20:49:07","guid":{"rendered":"https:\/\/rnoticias.com.mx\/Portal\/?p=222239"},"modified":"2025-06-21T13:49:07","modified_gmt":"2025-06-21T20:49:07","slug":"capturan-a-implicado-en-el-robo-de-un-vehiculo-en-hermosillo","status":"publish","type":"post","link":"https:\/\/rnoticias.com.mx\/Portal\/2025\/06\/21\/capturan-a-implicado-en-el-robo-de-un-vehiculo-en-hermosillo\/","title":{"rendered":"Capturan a implicado en el robo de un veh\u00edculo en Hermosillo"},"content":{"rendered":"<p>Hermosillo, Sonora, 21 de junio de 2025.- Elementos de la Agencia Ministerial de Investigaci\u00f3n Criminal (AMIC) cumplieron con una orden de aprehensi\u00f3n en contra de Alberto \u201cN\u201d, de 41 a\u00f1os, por su probable responsabilidad en el delito de robo agravado respecto de veh\u00edculo de propulsi\u00f3n mec\u00e1nica, en perjuicio de Ernesto El\u00edas \u201cN\u201d, de 52, en Hermosillo.<\/p>\n<p>La captura se efectu\u00f3 en la colonia San Benito, derivada de una carpeta de investigaci\u00f3n iniciada por el robo de un veh\u00edculo, del cual el hoy imputado es se\u00f1alado como probable autor.<\/p>\n<p>El detenido fue trasladado e ingresado al Centro de Reinserci\u00f3n Social (CERESO) Uno de Hermosillo, donde qued\u00f3 a disposici\u00f3n del Juez que lo reclama.<\/p>\n<p>La Fiscal\u00eda General de Justicia del Estado de Sonora (FGJES) mantiene firme su compromiso con la legalidad y la recuperaci\u00f3n de la paz, combatiendo con determinaci\u00f3n los delitos patrimoniales.<\/p>\n","protected":false},"excerpt":{"rendered":"<p>Hermosillo, Sonora, 21 de junio de 2025.- Elementos de la Agencia Ministerial de Investigaci\u00f3n Criminal (AMIC) cumplieron con una orden de aprehensi\u00f3n en contra de Alberto \u201cN\u201d, de 41 a\u00f1os, por su probable responsabilidad en el delito de robo agravado respecto de veh\u00edculo de propulsi\u00f3n mec\u00e1nica, en perjuicio de Ernesto El\u00edas \u201cN\u201d, de 52, en [&hellip;]<\/p>\n","protected":false},"author":2,"featured_media":222240,"comment_status":"closed","ping_status":"closed","sticky":false,"template":"","format":"standard","meta":{"footnotes":""},"categories":[12870,178],"tags":[12865,12869],"class_list":["post-222239","post","type-post","status-publish","format-standard","has-post-thumbnail","hentry","category-destacadas","category-local","tag-destacadas","tag-local"],"jetpack_featured_media_url":"https:\/\/rnoticias.com.mx\/Portal\/wp-content\/uploads\/2025\/06\/0b61e158-fba0-4e68-9787-da15247e4aaf.jpg","amp_enabled":true,"_links":{"self":[{"href":"https:\/\/rnoticias.com.mx\/Portal\/wp-json\/wp\/v2\/posts\/222239","targetHints":{"allow":["GET"]}}],"collection":[{"href":"https:\/\/rnoticias.com.mx\/Portal\/wp-json\/wp\/v2\/posts"}],"about":[{"href":"https:\/\/rnoticias.com.mx\/Portal\/wp-json\/wp\/v2\/types\/post"}],"author":[{"embeddable":true,"href":"https:\/\/rnoticias.com.mx\/Portal\/wp-json\/wp\/v2\/users\/2"}],"replies":[{"embeddable":true,"href":"https:\/\/rnoticias.com.mx\/Portal\/wp-json\/wp\/v2\/comments?post=222239"}],"version-history":[{"count":1,"href":"https:\/\/rnoticias.com.mx\/Portal\/wp-json\/wp\/v2\/posts\/222239\/revisions"}],"predecessor-version":[{"id":222241,"href":"https:\/\/rnoticias.com.mx\/Portal\/wp-json\/wp\/v2\/posts\/222239\/revisions\/222241"}],"wp:featuredmedia":[{"embeddable":true,"href":"https:\/\/rnoticias.com.mx\/Portal\/wp-json\/wp\/v2\/media\/222240"}],"wp:attachment":[{"href":"https:\/\/rnoticias.com.mx\/Portal\/wp-json\/wp\/v2\/media?parent=222239"}],"wp:term":[{"taxonomy":"category","embeddable":true,"href":"https:\/\/rnoticias.com.mx\/Portal\/wp-json\/wp\/v2\/categories?post=222239"},{"taxonomy":"post_tag","embeddable":true,"href":"https:\/\/rnoticias.com.mx\/Portal\/wp-json\/wp\/v2\/tags?post=222239"}],"curies":[{"name":"wp","href":"https:\/\/api.w.org\/{rel}","templated":true}]}}