{"id":222236,"date":"2025-06-21T13:45:52","date_gmt":"2025-06-21T20:45:52","guid":{"rendered":"https:\/\/rnoticias.com.mx\/Portal\/?p=222236"},"modified":"2025-06-21T13:45:52","modified_gmt":"2025-06-21T20:45:52","slug":"reconoce-senador-heriberto-aguilar-labor-humanista-del-dif-sonora-en-favor-de-las-personas-adultas-mayores","status":"publish","type":"post","link":"https:\/\/rnoticias.com.mx\/Portal\/2025\/06\/21\/reconoce-senador-heriberto-aguilar-labor-humanista-del-dif-sonora-en-favor-de-las-personas-adultas-mayores\/","title":{"rendered":"Reconoce senador Heriberto Aguilar labor humanista del DIF Sonora en favor de las personas adultas mayores"},"content":{"rendered":"<p>Hermosillo, Sonora | 21 de junio de 2025.- El senador Heriberto Aguilar Castillo reconoci\u00f3 la visi\u00f3n humanista del Gobierno de Sonora al impulsar pol\u00edticas p\u00fablicas que dignifican la vida de las personas adultas mayores, como la inauguraci\u00f3n del primer Centro P\u00fablico de Asistencia Social \u201cAna Mar\u00eda L\u00f3pez Rodr\u00edguez\u201d, obra encabezada por la presidenta honoraria del DIF Sonora, Mar\u00eda del Roc\u00edo Ch\u00e1vez Murillo, y promovida por el gobernador Alfonso Durazo Monta\u00f1o.<\/p>\n<p>\u201cDesde un gobierno emanado de un gran gobernante que est\u00e1 haciendo historia en Sonora \u2014un hombre bueno, justo y profundamente humano\u2014 hoy vemos c\u00f3mo se transforma la vida p\u00fablica con acciones de fondo y con visi\u00f3n. Este cambio es posible gracias a un equipo excepcional, personas comprometidas que encuentran felicidad en hacer el bien al pr\u00f3jimo\u201d, expres\u00f3 el legislador.<\/p>\n<p>Aguilar Castillo reconoci\u00f3 especialmente el liderazgo de Mar\u00eda del Roc\u00edo Ch\u00e1vez, as\u00ed como la labor de Mar\u00eda del Mar Durazo, Lizeth V\u00e1zquez Ochoa y muchas y muchos ciudadanos que, desde diferentes frentes, contribuyen a construir una sociedad m\u00e1s justa, con prosperidad material y bienestar del alma.<\/p>\n<p>El senador sonorense tambi\u00e9n destac\u00f3 el legado de la activista social Ana Mar\u00eda L\u00f3pez Rodr\u00edguez, a quien se honra con el nombre de este centro asistencial, que ofrecer\u00e1 atenci\u00f3n integral a 30 personas mayores con servicios m\u00e9dicos, psicol\u00f3gicos, jur\u00eddicos y actividades recreativas y culturales.<\/p>\n<p>\u201cMe siento muy orgulloso de representar este proyecto de transformaci\u00f3n que ha marcado un antes y un despu\u00e9s en la historia de nuestro pa\u00eds. Sigamos construyendo un M\u00e9xico con justicia, dignidad y bienestar para todas y todos,\u201d concluy\u00f3.<\/p>\n","protected":false},"excerpt":{"rendered":"<p>Hermosillo, Sonora | 21 de junio de 2025.- El senador Heriberto Aguilar Castillo reconoci\u00f3 la visi\u00f3n humanista del Gobierno de Sonora al impulsar pol\u00edticas p\u00fablicas que dignifican la vida de las personas adultas mayores, como la inauguraci\u00f3n del primer Centro P\u00fablico de Asistencia Social \u201cAna Mar\u00eda L\u00f3pez Rodr\u00edguez\u201d, obra encabezada por la presidenta honoraria del [&hellip;]<\/p>\n","protected":false},"author":2,"featured_media":222237,"comment_status":"closed","ping_status":"closed","sticky":false,"template":"","format":"standard","meta":{"footnotes":""},"categories":[12870,12868],"tags":[12865,12879],"class_list":["post-222236","post","type-post","status-publish","format-standard","has-post-thumbnail","hentry","category-destacadas","category-politica","tag-destacadas","tag-politica"],"jetpack_featured_media_url":"https:\/\/rnoticias.com.mx\/Portal\/wp-content\/uploads\/2025\/06\/70659014-c72c-4a0e-8fd7-299bb6d5881a-scaled.jpg","amp_enabled":true,"_links":{"self":[{"href":"https:\/\/rnoticias.com.mx\/Portal\/wp-json\/wp\/v2\/posts\/222236","targetHints":{"allow":["GET"]}}],"collection":[{"href":"https:\/\/rnoticias.com.mx\/Portal\/wp-json\/wp\/v2\/posts"}],"about":[{"href":"https:\/\/rnoticias.com.mx\/Portal\/wp-json\/wp\/v2\/types\/post"}],"author":[{"embeddable":true,"href":"https:\/\/rnoticias.com.mx\/Portal\/wp-json\/wp\/v2\/users\/2"}],"replies":[{"embeddable":true,"href":"https:\/\/rnoticias.com.mx\/Portal\/wp-json\/wp\/v2\/comments?post=222236"}],"version-history":[{"count":1,"href":"https:\/\/rnoticias.com.mx\/Portal\/wp-json\/wp\/v2\/posts\/222236\/revisions"}],"predecessor-version":[{"id":222238,"href":"https:\/\/rnoticias.com.mx\/Portal\/wp-json\/wp\/v2\/posts\/222236\/revisions\/222238"}],"wp:featuredmedia":[{"embeddable":true,"href":"https:\/\/rnoticias.com.mx\/Portal\/wp-json\/wp\/v2\/media\/222237"}],"wp:attachment":[{"href":"https:\/\/rnoticias.com.mx\/Portal\/wp-json\/wp\/v2\/media?parent=222236"}],"wp:term":[{"taxonomy":"category","embeddable":true,"href":"https:\/\/rnoticias.com.mx\/Portal\/wp-json\/wp\/v2\/categories?post=222236"},{"taxonomy":"post_tag","embeddable":true,"href":"https:\/\/rnoticias.com.mx\/Portal\/wp-json\/wp\/v2\/tags?post=222236"}],"curies":[{"name":"wp","href":"https:\/\/api.w.org\/{rel}","templated":true}]}}