{"id":222227,"date":"2025-06-21T12:49:47","date_gmt":"2025-06-21T19:49:47","guid":{"rendered":"https:\/\/rnoticias.com.mx\/Portal\/?p=222227"},"modified":"2025-06-21T12:49:47","modified_gmt":"2025-06-21T19:49:47","slug":"una-generacion-que-comienza-con-fuerza-emotiva-graduacion-en-preparatoria-kino","status":"publish","type":"post","link":"https:\/\/rnoticias.com.mx\/Portal\/2025\/06\/21\/una-generacion-que-comienza-con-fuerza-emotiva-graduacion-en-preparatoria-kino\/","title":{"rendered":"&#8220;Una generaci\u00f3n que comienza con fuerza&#8221;: emotiva graduaci\u00f3n en Preparatoria Kino"},"content":{"rendered":"<p>Con una emotiva y elegante ceremonia, la Preparatoria Kino celebr\u00f3 la graduaci\u00f3n de la generaci\u00f3n 2022-2025, en un acto que reuni\u00f3 a m\u00e1s de 800 personas entre autoridades educativas, maestros, padres de familia, y por supuesto, los 130 j\u00f3venes egresados.<\/p>\n<p>El evento se distingui\u00f3 por su orden, solemnidad y profundo contenido emocional, visible en los rostros de alumnos y familiares, en especial de madres, padres y abuelos, con l\u00e1grimas de alegr\u00eda al ver cristalizado uno de los momentos m\u00e1s importantes en la vida de sus hijos.<\/p>\n<p>La Preparatoria Kino, fundada hace m\u00e1s de cuatro d\u00e9cadas, mantiene una s\u00f3lida tradici\u00f3n humanista, en la que los valores como el respeto, la integridad, la libertad y la dignidad forman parte esencial de su proyecto educativo. Este enfoque ha posicionado a la instituci\u00f3n como una de las m\u00e1s prestigiosas de Hermosillo y del Estado de Sonora.<\/p>\n<p>Durante la ceremonia la directora de la instituci\u00f3n maestra Irma Castillo reconoci\u00f3 a los estudiantes que destacaron por su talento y disciplina:<\/p>\n<p>-M\u00e9rito Deportivo para el equipo campe\u00f3n estatal de futbol Interprepas en Movimiento.<\/p>\n<p>-Diplomas DELF, otorgados por la Embajada de Francia en M\u00e9xico a los alumnos con los mejores promedios en dominio del idioma franc\u00e9s en todo el Estado.<\/p>\n<p>El rector de la Universidad Kino Julio Cesar Mendoza Urrea en su discurso, conmovi\u00f3 a los presentes con un mensaje lleno de reflexi\u00f3n y motivaci\u00f3n:<\/p>\n<p>\u201cNos queda muy claro: quienes estudian m\u00e1s, quienes se preparan mejor, son quienes m\u00e1s oportunidades tienen de triunfar en la vida.<br \/>\nUstedes hoy no est\u00e1n terminando\u2026 est\u00e1n comenzando. Y est\u00e1n comenzando muy bien.\u201d<\/p>\n<p>La ceremonia cerr\u00f3 con broche de oro cuando la Rondalla Ilusi\u00f3n de la instituci\u00f3n enton\u00f3 melod\u00edas que avivaron a\u00fan m\u00e1s la emoci\u00f3n colectiva, concluyendo as\u00ed una jornada inolvidable para esta nueva generaci\u00f3n, sus familias y toda la comunidad Kino.<\/p>\n","protected":false},"excerpt":{"rendered":"<p>Con una emotiva y elegante ceremonia, la Preparatoria Kino celebr\u00f3 la graduaci\u00f3n de la generaci\u00f3n 2022-2025, en un acto que reuni\u00f3 a m\u00e1s de 800 personas entre autoridades educativas, maestros, padres de familia, y por supuesto, los 130 j\u00f3venes egresados. El evento se distingui\u00f3 por su orden, solemnidad y profundo contenido emocional, visible en los [&hellip;]<\/p>\n","protected":false},"author":2,"featured_media":222228,"comment_status":"closed","ping_status":"closed","sticky":false,"template":"","format":"standard","meta":{"footnotes":""},"categories":[12870,178],"tags":[12865,12869],"class_list":["post-222227","post","type-post","status-publish","format-standard","has-post-thumbnail","hentry","category-destacadas","category-local","tag-destacadas","tag-local"],"jetpack_featured_media_url":"https:\/\/rnoticias.com.mx\/Portal\/wp-content\/uploads\/2025\/06\/02898b19-3b43-40c6-b883-746e83f012a9.jpg","amp_enabled":true,"_links":{"self":[{"href":"https:\/\/rnoticias.com.mx\/Portal\/wp-json\/wp\/v2\/posts\/222227","targetHints":{"allow":["GET"]}}],"collection":[{"href":"https:\/\/rnoticias.com.mx\/Portal\/wp-json\/wp\/v2\/posts"}],"about":[{"href":"https:\/\/rnoticias.com.mx\/Portal\/wp-json\/wp\/v2\/types\/post"}],"author":[{"embeddable":true,"href":"https:\/\/rnoticias.com.mx\/Portal\/wp-json\/wp\/v2\/users\/2"}],"replies":[{"embeddable":true,"href":"https:\/\/rnoticias.com.mx\/Portal\/wp-json\/wp\/v2\/comments?post=222227"}],"version-history":[{"count":1,"href":"https:\/\/rnoticias.com.mx\/Portal\/wp-json\/wp\/v2\/posts\/222227\/revisions"}],"predecessor-version":[{"id":222229,"href":"https:\/\/rnoticias.com.mx\/Portal\/wp-json\/wp\/v2\/posts\/222227\/revisions\/222229"}],"wp:featuredmedia":[{"embeddable":true,"href":"https:\/\/rnoticias.com.mx\/Portal\/wp-json\/wp\/v2\/media\/222228"}],"wp:attachment":[{"href":"https:\/\/rnoticias.com.mx\/Portal\/wp-json\/wp\/v2\/media?parent=222227"}],"wp:term":[{"taxonomy":"category","embeddable":true,"href":"https:\/\/rnoticias.com.mx\/Portal\/wp-json\/wp\/v2\/categories?post=222227"},{"taxonomy":"post_tag","embeddable":true,"href":"https:\/\/rnoticias.com.mx\/Portal\/wp-json\/wp\/v2\/tags?post=222227"}],"curies":[{"name":"wp","href":"https:\/\/api.w.org\/{rel}","templated":true}]}}