{"id":222224,"date":"2025-06-21T12:48:39","date_gmt":"2025-06-21T19:48:39","guid":{"rendered":"https:\/\/rnoticias.com.mx\/Portal\/?p=222224"},"modified":"2025-06-21T12:48:39","modified_gmt":"2025-06-21T19:48:39","slug":"gobierno-de-sonora-invita-a-vivir-la-naturaleza-y-el-esparcimiento-en-familia-en-la-sauceda-este-fin-de-semana","status":"publish","type":"post","link":"https:\/\/rnoticias.com.mx\/Portal\/2025\/06\/21\/gobierno-de-sonora-invita-a-vivir-la-naturaleza-y-el-esparcimiento-en-familia-en-la-sauceda-este-fin-de-semana\/","title":{"rendered":"Gobierno de Sonora invita a vivir la naturaleza y el esparcimiento en familia en La Sauceda este fin de semana"},"content":{"rendered":"<p>Hermosillo, Sonora; 21 de junio de 2025.- Este fin de semana el Bosque Urbano La Sauceda, espacio de esparcimiento rescatado por el gobernador Alfonso Durazo Monta\u00f1o, ofrecer\u00e1 de manera gratuita un programa de actividades recreativas y culturales para las familias hermosillenses.<\/p>\n<p>La guardabosques Luz Karina Guerra Huitr\u00f3n detall\u00f3 que este s\u00e1bado y domingo se desarrollar\u00e1 un programa que incluye talleres ambientales, danza folcl\u00f3rica y espect\u00e1culos musicales.<\/p>\n<p>&#8220;Los invitamos a seguir nuestras redes sociales del Bosque Urbano La Sauceda, ah\u00ed van a encontrar a detalle cada una de las actividades y conciertos que tenemos. Les recordamos que est\u00e1n las puertas abiertas para que tambi\u00e9n vengan a reforestar s\u00e1bados y domingos&#8221;, se\u00f1al\u00f3.<\/p>\n<p>En el \u00e1rea del humedal, a las 8:00 horas de este s\u00e1bado 21 de junio, se imparti\u00f3 la charla-taller &#8220;Hotel de Polinizadores\u201d. A las 9:00 horas se realizaron los talleres de cer\u00e1mica en la entrada del Foro al Aire Libre y de tambores en el kiosko central.<\/p>\n<p>A las 18:00 horas en el Foro al Aire Libre tendr\u00e1n lugar los saludos al sol a cargo de diferentes instructores de yoga. Mientras que a las 18:30 horas en el humedal habr\u00e1 una gu\u00eda de aves para colorear.<\/p>\n<p>El domingo 21 de junio, a las 9:00 horas se llevar\u00e1n a cabo los talleres de cer\u00e1mica y de tambores. A las 18:00 horas se impartir\u00e1 una charla musical y a partir de las 19:00 horas tendr\u00e1 lugar el domingo Chill Ac\u00fastico con artistas como Chino Marcial, Carlos Sitten y T\u00e9 para Tres.<\/p>\n","protected":false},"excerpt":{"rendered":"<p>Hermosillo, Sonora; 21 de junio de 2025.- Este fin de semana el Bosque Urbano La Sauceda, espacio de esparcimiento rescatado por el gobernador Alfonso Durazo Monta\u00f1o, ofrecer\u00e1 de manera gratuita un programa de actividades recreativas y culturales para las familias hermosillenses. La guardabosques Luz Karina Guerra Huitr\u00f3n detall\u00f3 que este s\u00e1bado y domingo se desarrollar\u00e1 [&hellip;]<\/p>\n","protected":false},"author":2,"featured_media":222225,"comment_status":"closed","ping_status":"closed","sticky":false,"template":"","format":"standard","meta":{"footnotes":""},"categories":[12870,178],"tags":[12865,12869],"class_list":["post-222224","post","type-post","status-publish","format-standard","has-post-thumbnail","hentry","category-destacadas","category-local","tag-destacadas","tag-local"],"jetpack_featured_media_url":"https:\/\/rnoticias.com.mx\/Portal\/wp-content\/uploads\/2025\/06\/21.jpg","amp_enabled":true,"_links":{"self":[{"href":"https:\/\/rnoticias.com.mx\/Portal\/wp-json\/wp\/v2\/posts\/222224","targetHints":{"allow":["GET"]}}],"collection":[{"href":"https:\/\/rnoticias.com.mx\/Portal\/wp-json\/wp\/v2\/posts"}],"about":[{"href":"https:\/\/rnoticias.com.mx\/Portal\/wp-json\/wp\/v2\/types\/post"}],"author":[{"embeddable":true,"href":"https:\/\/rnoticias.com.mx\/Portal\/wp-json\/wp\/v2\/users\/2"}],"replies":[{"embeddable":true,"href":"https:\/\/rnoticias.com.mx\/Portal\/wp-json\/wp\/v2\/comments?post=222224"}],"version-history":[{"count":1,"href":"https:\/\/rnoticias.com.mx\/Portal\/wp-json\/wp\/v2\/posts\/222224\/revisions"}],"predecessor-version":[{"id":222226,"href":"https:\/\/rnoticias.com.mx\/Portal\/wp-json\/wp\/v2\/posts\/222224\/revisions\/222226"}],"wp:featuredmedia":[{"embeddable":true,"href":"https:\/\/rnoticias.com.mx\/Portal\/wp-json\/wp\/v2\/media\/222225"}],"wp:attachment":[{"href":"https:\/\/rnoticias.com.mx\/Portal\/wp-json\/wp\/v2\/media?parent=222224"}],"wp:term":[{"taxonomy":"category","embeddable":true,"href":"https:\/\/rnoticias.com.mx\/Portal\/wp-json\/wp\/v2\/categories?post=222224"},{"taxonomy":"post_tag","embeddable":true,"href":"https:\/\/rnoticias.com.mx\/Portal\/wp-json\/wp\/v2\/tags?post=222224"}],"curies":[{"name":"wp","href":"https:\/\/api.w.org\/{rel}","templated":true}]}}