{"id":222209,"date":"2025-06-21T11:25:08","date_gmt":"2025-06-21T18:25:08","guid":{"rendered":"https:\/\/rnoticias.com.mx\/Portal\/?p=222209"},"modified":"2025-06-21T11:25:08","modified_gmt":"2025-06-21T18:25:08","slug":"karol-g-lanza-tropicoqueta-con-la-participacion-de-artistas-mexicanos","status":"publish","type":"post","link":"https:\/\/rnoticias.com.mx\/Portal\/2025\/06\/21\/karol-g-lanza-tropicoqueta-con-la-participacion-de-artistas-mexicanos\/","title":{"rendered":"Karol G lanza \u2018Tropicoqueta\u2019 con la participaci\u00f3n de artistas mexicanos"},"content":{"rendered":"<p>Karol G lanz\u00f3 este viernes su quinto \u00e1lbum de estudio, \u2018Tropicoqueta\u2018, un homenaje a las ra\u00edces latinas en el que mezcla merengue, bachata, mambo o mariachi y que cuenta con colaboraciones de varios artistas mexicanos.<\/p>\n<div class=\"jeg_ad jeg_ad_article jnews_content_inline_ads  \"><\/div>\n<p>Thal\u00eda, en el primer corte del disco, \u2018La reina presenta\u2019, de apenas unos compases, felicita a la colombiana por su nuevo trabajo y le dice que pas\u00f3 \u201cde ser la bebecita a la Bichota y ahora la Tropicoqueta\u201d.<\/p>\n<p>Son \u201ccanciones que se cantan con el alma, se bailan con el cuerpo y se gritan con el coraz\u00f3n\u201d, como se\u00f1al\u00f3 Karol G en su cuenta de Instagram, en la que califica su nuevo trabajo de \u201cintenso, impredecible, dram\u00e1tico, m\u00e1gico, aut\u00e9ntico, \u00daNICO\u201d.<\/p>\n<p>Un \u00e1lbum que recorre muchos g\u00e9neros de la m\u00fasica de Am\u00e9rica Latina, como la ranchera, en \u2018Ese hombre es malo\u2019, el vallenato (\u2018No puedo vivir sin \u00e9l\u2019), el merengue (\u2018Si antes te hubiera conocido\u2019), la bachata en \u2018Amiga M\u00eda\u2019 junto a Greeicy o una balada con toques de mariachi -\u2018Coleccionando heridas\u2019, con la colaboraci\u00f3n de Marco Antonio Sol\u00eds-.<\/p>\n<p>Tambi\u00e9n hay un tema en portugu\u00e9s, \u2018Bandida entrenada\u2019, o una canci\u00f3n con Manu Chao que conserva m\u00e1s el estilo del franc\u00e9s que el de la colombiana, \u2018Viajando por el mundo\u2019.<\/p>\n<p>Adem\u00e1s de un divertido mambo, que da t\u00edtulo al disco, y en el que hasta se escucha de fondo el famoso \u2018Mambo number 5\u2019 de P\u00e9rez Prado. Acompa\u00f1ado por un video en el que la cantante aparece vestida llena de plumas y que evoca claramente el famoso cabaret Tropicana de La Habana.<\/p>\n<p>Y, por supuesto, hay reguet\u00f3n, en temas como \u2018Latina Foreva\u2019, que ya se adelant\u00f3 hace unos d\u00edas y que es una oda a las curvas latinas con un estribillo muy poco sutil -\u201cTeta y nalga, te-teta y nalga Teta y nalga, te-teta y nalga\u201d.<\/p>\n<p>O en \u2018Un gatito me llam\u00f3\u2019 y en la sorpresa del disco, que no estaba incluida en el listado de temas que la colombiana anunci\u00f3. Con el t\u00edtulo de \u2018Canci\u00f3n 13\u2019 (en Spoify) o \u2018Verano rosa\u2019 (en Youtube), es una colaboraci\u00f3n con Feid, su actual pareja.<\/p>\n","protected":false},"excerpt":{"rendered":"<p>Karol G lanz\u00f3 este viernes su quinto \u00e1lbum de estudio, \u2018Tropicoqueta\u2018, un homenaje a las ra\u00edces latinas en el que mezcla merengue, bachata, mambo o mariachi y que cuenta con colaboraciones de varios artistas mexicanos. Thal\u00eda, en el primer corte del disco, \u2018La reina presenta\u2019, de apenas unos compases, felicita a la colombiana por su [&hellip;]<\/p>\n","protected":false},"author":2,"featured_media":222210,"comment_status":"closed","ping_status":"closed","sticky":false,"template":"","format":"standard","meta":{"footnotes":""},"categories":[12870,219],"tags":[12865,12875],"class_list":["post-222209","post","type-post","status-publish","format-standard","has-post-thumbnail","hentry","category-destacadas","category-espectaculos","tag-destacadas","tag-espectaculos"],"jetpack_featured_media_url":"https:\/\/rnoticias.com.mx\/Portal\/wp-content\/uploads\/2025\/06\/karol-g-tropicoqueta-696x511-1.jpg","amp_enabled":true,"_links":{"self":[{"href":"https:\/\/rnoticias.com.mx\/Portal\/wp-json\/wp\/v2\/posts\/222209","targetHints":{"allow":["GET"]}}],"collection":[{"href":"https:\/\/rnoticias.com.mx\/Portal\/wp-json\/wp\/v2\/posts"}],"about":[{"href":"https:\/\/rnoticias.com.mx\/Portal\/wp-json\/wp\/v2\/types\/post"}],"author":[{"embeddable":true,"href":"https:\/\/rnoticias.com.mx\/Portal\/wp-json\/wp\/v2\/users\/2"}],"replies":[{"embeddable":true,"href":"https:\/\/rnoticias.com.mx\/Portal\/wp-json\/wp\/v2\/comments?post=222209"}],"version-history":[{"count":1,"href":"https:\/\/rnoticias.com.mx\/Portal\/wp-json\/wp\/v2\/posts\/222209\/revisions"}],"predecessor-version":[{"id":222211,"href":"https:\/\/rnoticias.com.mx\/Portal\/wp-json\/wp\/v2\/posts\/222209\/revisions\/222211"}],"wp:featuredmedia":[{"embeddable":true,"href":"https:\/\/rnoticias.com.mx\/Portal\/wp-json\/wp\/v2\/media\/222210"}],"wp:attachment":[{"href":"https:\/\/rnoticias.com.mx\/Portal\/wp-json\/wp\/v2\/media?parent=222209"}],"wp:term":[{"taxonomy":"category","embeddable":true,"href":"https:\/\/rnoticias.com.mx\/Portal\/wp-json\/wp\/v2\/categories?post=222209"},{"taxonomy":"post_tag","embeddable":true,"href":"https:\/\/rnoticias.com.mx\/Portal\/wp-json\/wp\/v2\/tags?post=222209"}],"curies":[{"name":"wp","href":"https:\/\/api.w.org\/{rel}","templated":true}]}}