{"id":222200,"date":"2025-06-21T11:21:25","date_gmt":"2025-06-21T18:21:25","guid":{"rendered":"https:\/\/rnoticias.com.mx\/Portal\/?p=222200"},"modified":"2025-06-21T11:21:25","modified_gmt":"2025-06-21T18:21:25","slug":"avanza-gobierno-de-sonora-en-la-construccion-de-planta-fotovoltaica-en-puerto-penasco","status":"publish","type":"post","link":"https:\/\/rnoticias.com.mx\/Portal\/2025\/06\/21\/avanza-gobierno-de-sonora-en-la-construccion-de-planta-fotovoltaica-en-puerto-penasco\/","title":{"rendered":"Avanza Gobierno de Sonora en la construcci\u00f3n de planta fotovoltaica en Puerto Pe\u00f1asco"},"content":{"rendered":"<p>Hermosillo, Sonora; 21 de junio de 2025.- El Gobierno de Sonora informa que se encuentra en proceso de licitaci\u00f3n la tercera fase de la planta fotovoltaica de Puerto Pe\u00f1asco, proyecto que forma parte del Plan Sonora de Energ\u00edas Sostenibles impulsado por el gobernador Alfonso Durazo, y cuya conclusi\u00f3n est\u00e1 prevista para 2028.<\/p>\n<p>Actualmente, est\u00e1n en funcionamiento la primera secci\u00f3n, con una capacidad de 120 megawatts, la cual se encuentra conectada al sistema el\u00e9ctrico nacional; y la segunda etapa, que consta de 300 megawatts, suministra energ\u00eda a Baja California, inform\u00f3 Rafael Cabanillas L\u00f3pez, director general de Energ\u00eda de la Secretar\u00eda de Econom\u00eda y Turismo.<\/p>\n<p>\u201cEsta planta contar\u00e1 con un almacenamiento de aproximadamente 200 megawatts en bater\u00edas, las cuales suministrar\u00e1n electricidad una vez que el sol se haya ocultado. Es la primera en M\u00e9xico con un respaldo de esta magnitud\u201d, subray\u00f3.<\/p>\n<p>Cabanillas L\u00f3pez destac\u00f3 que la planta fotovoltaica de Puerto Pe\u00f1asco generar\u00e1 un gigawatt al poner en marcha sus cuatro etapas, y ser\u00e1 una de las m\u00e1s grandes de Latinoam\u00e9rica.<\/p>\n","protected":false},"excerpt":{"rendered":"<p>Hermosillo, Sonora; 21 de junio de 2025.- El Gobierno de Sonora informa que se encuentra en proceso de licitaci\u00f3n la tercera fase de la planta fotovoltaica de Puerto Pe\u00f1asco, proyecto que forma parte del Plan Sonora de Energ\u00edas Sostenibles impulsado por el gobernador Alfonso Durazo, y cuya conclusi\u00f3n est\u00e1 prevista para 2028. Actualmente, est\u00e1n en [&hellip;]<\/p>\n","protected":false},"author":2,"featured_media":222201,"comment_status":"closed","ping_status":"closed","sticky":false,"template":"","format":"standard","meta":{"footnotes":""},"categories":[12870,178],"tags":[12865,12869],"class_list":["post-222200","post","type-post","status-publish","format-standard","has-post-thumbnail","hentry","category-destacadas","category-local","tag-destacadas","tag-local"],"jetpack_featured_media_url":"https:\/\/rnoticias.com.mx\/Portal\/wp-content\/uploads\/2025\/06\/unnamed-94.jpg","amp_enabled":true,"_links":{"self":[{"href":"https:\/\/rnoticias.com.mx\/Portal\/wp-json\/wp\/v2\/posts\/222200","targetHints":{"allow":["GET"]}}],"collection":[{"href":"https:\/\/rnoticias.com.mx\/Portal\/wp-json\/wp\/v2\/posts"}],"about":[{"href":"https:\/\/rnoticias.com.mx\/Portal\/wp-json\/wp\/v2\/types\/post"}],"author":[{"embeddable":true,"href":"https:\/\/rnoticias.com.mx\/Portal\/wp-json\/wp\/v2\/users\/2"}],"replies":[{"embeddable":true,"href":"https:\/\/rnoticias.com.mx\/Portal\/wp-json\/wp\/v2\/comments?post=222200"}],"version-history":[{"count":1,"href":"https:\/\/rnoticias.com.mx\/Portal\/wp-json\/wp\/v2\/posts\/222200\/revisions"}],"predecessor-version":[{"id":222202,"href":"https:\/\/rnoticias.com.mx\/Portal\/wp-json\/wp\/v2\/posts\/222200\/revisions\/222202"}],"wp:featuredmedia":[{"embeddable":true,"href":"https:\/\/rnoticias.com.mx\/Portal\/wp-json\/wp\/v2\/media\/222201"}],"wp:attachment":[{"href":"https:\/\/rnoticias.com.mx\/Portal\/wp-json\/wp\/v2\/media?parent=222200"}],"wp:term":[{"taxonomy":"category","embeddable":true,"href":"https:\/\/rnoticias.com.mx\/Portal\/wp-json\/wp\/v2\/categories?post=222200"},{"taxonomy":"post_tag","embeddable":true,"href":"https:\/\/rnoticias.com.mx\/Portal\/wp-json\/wp\/v2\/tags?post=222200"}],"curies":[{"name":"wp","href":"https:\/\/api.w.org\/{rel}","templated":true}]}}