{"id":222191,"date":"2025-06-21T11:00:46","date_gmt":"2025-06-21T18:00:46","guid":{"rendered":"https:\/\/rnoticias.com.mx\/Portal\/?p=222191"},"modified":"2025-06-21T11:00:46","modified_gmt":"2025-06-21T18:00:46","slug":"desde-que-trump-llego-al-poder-detenidos-1154-mexicanos-en-eu-sre","status":"publish","type":"post","link":"https:\/\/rnoticias.com.mx\/Portal\/2025\/06\/21\/desde-que-trump-llego-al-poder-detenidos-1154-mexicanos-en-eu-sre\/","title":{"rendered":"Desde que Trump lleg\u00f3 al poder, detenidos 1,154 mexicanos en EU: SRE"},"content":{"rendered":"<p>La Secretar\u00eda de Relaciones Exteriores (SRE) report\u00f3 la detenci\u00f3n de mil 154 personas mexicanas en Estados Unidos, desde el 20 de enero cuando\u00a0<strong>Donald Trump<\/strong>\u00a0tom\u00f3 posesi\u00f3n como presidente, y de estas 222 corresponden a las redadas de los \u00faltimos d\u00edas en ciudades estadounidenses como Los \u00c1ngeles.<\/p>\n<p>Juan Ram\u00f3n de la Fuente, titular de la SRE, destac\u00f3 en conferencia de prensa en la Canciller\u00eda el fortalecimiento de la red consular de M\u00e9xico en Estados Unidos, de manera m\u00e1s eficiente y transparente.<\/p>\n<p><strong><em>\u201cVamos a seguir defendiendo los derechos de las y los migrantes. La migraci\u00f3n es un derecho, y las y los migrantes tienen derechos\u201d,\u00a0<\/em><\/strong>expres\u00f3 De la Fuente al reiterar que \u201cno est\u00e1n solos\u201d.<\/p>\n<div id=\"eldia-2532774090\" class=\"eldia-contenido eldia-target\" data-eldia-trackid=\"1573641\" data-eldia-trackbid=\"1\"><\/div>\n<div id=\"eldia-4129417195\" class=\"eldia-contenido-2 eldia-target\" data-eldia-trackid=\"1765657\" data-eldia-trackbid=\"1\"><\/div>\n<p>Adem\u00e1s, se ampli\u00f3 la informaci\u00f3n del caso del mexicano fallecido en Atlanta bajo custodia del ICE, y del connacional enviado a Sud\u00e1n del Sur.<\/p>\n<p>Roberto Velasco, jefe de la Unidad para Am\u00e9rica del Norte de la SRE, indic\u00f3 que, desde el 20 de enero, cuando Donald Trump tom\u00f3 posesi\u00f3n como presidente de Estados Unidos, los consulados de M\u00e9xico en ese pa\u00eds han realizado 4 mil 456 visitas a centros de detenci\u00f3n migratoria; un promedio de 30 visitas por d\u00eda.<\/p>\n<p>En seguimiento a las personas detenidas en territorio estadounidense, Velasco mencion\u00f3 que se han registrado 111 operativos de ICE que han resultado en 5 mil 719 personas detenidas, de las cuales mil 154 son mexicanas.<\/p>\n<div class=\"stream-item stream-item-in-post stream-item-inline-post aligncenter\">\n<div class=\"stream-item-size\"><\/div>\n<\/div>\n<p>Desde el 6 de junio, cuando comenzaron las redadas en Los \u00c1ngeles, 222 personas mexicanas fueron detenidas hasta el 19 de junio. En todos los casos, dijo Velasco, se ha establecido comunicaci\u00f3n con los detenidos y contacto con sus familias, adem\u00e1s que se han puesto a disposici\u00f3n abogados y se han verificado las condiciones.<\/p>\n<p><strong><em>\u201cNo hemos encontrado casos de violaciones a los derechos humanos\u201d,<\/em><\/strong>\u00a0afirm\u00f3 Roberto Velasco.<\/p>\n<p>El canciller Juan Ram\u00f3n de la Fuente insisti\u00f3 en que las 222 personas mexicanas detenidas se registraron desde el 6 de junio, cuando comenzaron las redadas en Los \u00c1ngeles.<\/p>\n<p>Vanessa Calva Ruiz, directora general de Protecci\u00f3n Consular y Planeaci\u00f3n Estrat\u00e9gica de la SRE, destac\u00f3 el Programa de Asistencia jur\u00eddica a Personas Mexicanas a trav\u00e9s de Asesor\u00edas Legales Externas en los Estados Unidos (PALE) que cuenta con 300 proveedores legales y ha brindado m\u00e1s de 9 mil asesor\u00edas, desde el 20 de enero hasta el 19 de junio. El presupuesto es de 13.6 millones de d\u00f3lares.<\/p>\n<p>Aclaran caso\u00a0<strong><em>\u201csumamente complejo\u201d<\/em><\/strong>\u00a0de mexicano muerto bajo custodia de ICE<\/p>\n<p>Referente al reporte del mexicano que falleci\u00f3 en Atlanta bajo custodia de ICE, el jefe de la Unidad para Am\u00e9rica del Norte aclar\u00f3 que es un caso \u201csumamente complejo\u201d.<\/p>\n<p>Cont\u00f3 que era una persona que estaba privada de su libertad y no solicit\u00f3 asistencia consular: \u201cEstaba con un alias detenido, es una persona que utilizaba varias identidades\u201d. Indic\u00f3 que se realiza un an\u00e1lisis forense para determinar las causas de muerte.<\/p>\n<p>A\u00f1adi\u00f3 Velasco que a las autoridades que estaban a su cargo se pidi\u00f3 una investigaci\u00f3n para determinar los siguientes pasos a realizar.\u00a0<strong><em>\u201cNo tenemos hasta el momento ning\u00fan indicio de que la persona haya sido v\u00edctima de alg\u00fan delito, abuso o maltrato\u201d,\u00a0<\/em><\/strong>apunt\u00f3 al mencionar que hay comunicaci\u00f3n con la familia de la v\u00edctima.<\/p>\n<h2 class=\"wp-block-heading\">Reforzamiento consular<\/h2>\n<p>El canciller Juan Ram\u00f3n de la Fuente destac\u00f3 un reforzamiento de actividades y de la estructura de la red de los 53 consulados en Estados Unidos, con un nuevo protocolo de asistencia que ya fue publicado en el publicado en el Diario Oficial de la Federaci\u00f3n,\u00a0<strong><em>\u201cque ha llevado a un modelo con una mayor transparencia y eficiencia con la digitalizaci\u00f3n\u201d.<\/em><\/strong><\/p>\n<p>El objetivo, reiter\u00f3 el canciller, es apoyar a los paisanos para brindarles los mejores servicios y acompa\u00f1arlos en todo momento, as\u00ed como hacer valer sus derechos y \u201c<strong><em>que sepan que no est\u00e1n solos\u201d.<\/em><\/strong><\/p>\n<p>Tambi\u00e9n destac\u00f3 De la Fuente el desarrollo de la cartilla de derechos para personas migrantes, con la que, de forma sencilla y \u00fatil, los mexicanos sabr\u00e1n qu\u00e9 es lo que pueden hacer ante una detenci\u00f3n por parte de autoridades migratorias.<\/p>\n<h2 class=\"wp-block-heading\">\u00bfQu\u00e9 hacer si ICE detiene a un familiar en EU?<\/h2>\n<p>Para las personas mexicanas detenidas en Estados Unidos y sus familiares, la SRE puso a disposici\u00f3n la L\u00ednea de Apoyo Consular Mexicana, que funciona las 24 horas, los 365 d\u00edas del a\u00f1o: Desde territorio estadounidense, al n\u00famero 520 623 7874, y desde M\u00e9xico al 079.<\/p>\n<p>Velasco coment\u00f3 que la Consulapp tiene 56 mil usuarios registrados y 285 mil descargas: \u201c<strong><em>No hemos tenido muchos casos donde se hayan comunicado por una emergencia\u201d.<\/em><\/strong><\/p>\n<p>Roberto Velasco mencion\u00f3 que el mexicano que fue enviado a Sud\u00e1n del Sur se encuentra en Yibuti en una base militar estadounidense y\u00a0<strong><em>\u201cse encuentra bien de salud\u201d<\/em><\/strong>. Se envi\u00f3 una nota diplom\u00e1tica para entender m\u00e1s del caso y por qu\u00e9 fue enviado a este punto, adem\u00e1s que hay comunicaci\u00f3n con su familia.<\/p>\n<p>&nbsp;<\/p>\n<p>El Universal<\/p>\n","protected":false},"excerpt":{"rendered":"<p>La Secretar\u00eda de Relaciones Exteriores (SRE) report\u00f3 la detenci\u00f3n de mil 154 personas mexicanas en Estados Unidos, desde el 20 de enero cuando\u00a0Donald Trump\u00a0tom\u00f3 posesi\u00f3n como presidente, y de estas 222 corresponden a las redadas de los \u00faltimos d\u00edas en ciudades estadounidenses como Los \u00c1ngeles. Juan Ram\u00f3n de la Fuente, titular de la SRE, destac\u00f3 [&hellip;]<\/p>\n","protected":false},"author":2,"featured_media":222192,"comment_status":"closed","ping_status":"closed","sticky":false,"template":"","format":"standard","meta":{"footnotes":""},"categories":[12870,182],"tags":[12865,12871],"class_list":["post-222191","post","type-post","status-publish","format-standard","has-post-thumbnail","hentry","category-destacadas","category-internacional","tag-destacadas","tag-internacional"],"jetpack_featured_media_url":"https:\/\/rnoticias.com.mx\/Portal\/wp-content\/uploads\/2025\/06\/REDADAS-03-2.jpg","amp_enabled":true,"_links":{"self":[{"href":"https:\/\/rnoticias.com.mx\/Portal\/wp-json\/wp\/v2\/posts\/222191","targetHints":{"allow":["GET"]}}],"collection":[{"href":"https:\/\/rnoticias.com.mx\/Portal\/wp-json\/wp\/v2\/posts"}],"about":[{"href":"https:\/\/rnoticias.com.mx\/Portal\/wp-json\/wp\/v2\/types\/post"}],"author":[{"embeddable":true,"href":"https:\/\/rnoticias.com.mx\/Portal\/wp-json\/wp\/v2\/users\/2"}],"replies":[{"embeddable":true,"href":"https:\/\/rnoticias.com.mx\/Portal\/wp-json\/wp\/v2\/comments?post=222191"}],"version-history":[{"count":1,"href":"https:\/\/rnoticias.com.mx\/Portal\/wp-json\/wp\/v2\/posts\/222191\/revisions"}],"predecessor-version":[{"id":222193,"href":"https:\/\/rnoticias.com.mx\/Portal\/wp-json\/wp\/v2\/posts\/222191\/revisions\/222193"}],"wp:featuredmedia":[{"embeddable":true,"href":"https:\/\/rnoticias.com.mx\/Portal\/wp-json\/wp\/v2\/media\/222192"}],"wp:attachment":[{"href":"https:\/\/rnoticias.com.mx\/Portal\/wp-json\/wp\/v2\/media?parent=222191"}],"wp:term":[{"taxonomy":"category","embeddable":true,"href":"https:\/\/rnoticias.com.mx\/Portal\/wp-json\/wp\/v2\/categories?post=222191"},{"taxonomy":"post_tag","embeddable":true,"href":"https:\/\/rnoticias.com.mx\/Portal\/wp-json\/wp\/v2\/tags?post=222191"}],"curies":[{"name":"wp","href":"https:\/\/api.w.org\/{rel}","templated":true}]}}