{"id":222188,"date":"2025-06-21T10:59:38","date_gmt":"2025-06-21T17:59:38","guid":{"rendered":"https:\/\/rnoticias.com.mx\/Portal\/?p=222188"},"modified":"2025-06-21T10:59:38","modified_gmt":"2025-06-21T17:59:38","slug":"batea-morena-discutir-reduccion-de-jornada-laboral-y-salarios","status":"publish","type":"post","link":"https:\/\/rnoticias.com.mx\/Portal\/2025\/06\/21\/batea-morena-discutir-reduccion-de-jornada-laboral-y-salarios\/","title":{"rendered":"\u2018Batea\u2019 Morena discutir reducci\u00f3n de jornada laboral y salarios"},"content":{"rendered":"<p>Morena y sus aliados en la Comisi\u00f3n Permanente rechazaron incorporar al periodo extraordinario la discusi\u00f3n del dictamen de la reforma para reducir la jornada laboral a 40 horas y la declaratoria de constitucionalidad que incrementa los salarios del personal de salud, maestros y polic\u00edas, que ya cuenta con la aprobaci\u00f3n de 30 Congresos locales.<\/p>\n<p>La propuesta fue realizada por el diputado Pablo V\u00e1zquez Ahued (MC) y apoyada por los legisladores del PAN y del PRI; sin embargo, s\u00f3lo alcanzaron nueve votos, contra 26 de Morena, PT y PVEM.<\/p>\n<p><strong><em>\u201cSugiero que aprovechemos que no est\u00e1 el presidente, el senador (Gerardo) Fern\u00e1ndez Noro\u00f1a, que lleva neg\u00e1ndose seis meses, admitir esta declaratoria de constitucionalidad, e incorporemos al periodo extraordinario este tema del incremento de salarios, porque Morena dice que no la pueden publicar porque no han recibido los votos suficientes de las entidades federativas, lo cual, desde Movimiento Ciudadano hemos sostenido con absoluta responsabilidad, que es una mentira del presidente del Senado, Gerardo Fern\u00e1ndez Noro\u00f1a\u201d,<\/em><\/strong>\u00a0acus\u00f3 V\u00e1zquez Ahued.<\/p>\n<p>En la sesi\u00f3n de la Comisi\u00f3n Permanente se aprob\u00f3 realizar un periodo extraordinario del 23 de junio al 2 de julio, para discutir la expedici\u00f3n de la nueva Ley de la Guardia Nacional y formalizarla como un cuerpo policiaco integrado por personal militar.<\/p>\n<p>Tambi\u00e9n la Ley de Telecomunicaciones propuesta por la presidenta Claudia Sheinbaum que ha sido criticada por promover la censura de las plataformas digitales; as\u00ed como otras 14 reformas.<\/p>\n<p>&nbsp;<\/p>\n<p>El Universal<\/p>\n","protected":false},"excerpt":{"rendered":"<p>Morena y sus aliados en la Comisi\u00f3n Permanente rechazaron incorporar al periodo extraordinario la discusi\u00f3n del dictamen de la reforma para reducir la jornada laboral a 40 horas y la declaratoria de constitucionalidad que incrementa los salarios del personal de salud, maestros y polic\u00edas, que ya cuenta con la aprobaci\u00f3n de 30 Congresos locales. La [&hellip;]<\/p>\n","protected":false},"author":2,"featured_media":222189,"comment_status":"closed","ping_status":"closed","sticky":false,"template":"","format":"standard","meta":{"footnotes":""},"categories":[12870,172],"tags":[12865,12874],"class_list":["post-222188","post","type-post","status-publish","format-standard","has-post-thumbnail","hentry","category-destacadas","category-nacional","tag-destacadas","tag-nacional"],"jetpack_featured_media_url":"https:\/\/rnoticias.com.mx\/Portal\/wp-content\/uploads\/2025\/06\/O3TOQSXWQ5ETTBVQPFGE77OJZE.jpg","amp_enabled":true,"_links":{"self":[{"href":"https:\/\/rnoticias.com.mx\/Portal\/wp-json\/wp\/v2\/posts\/222188","targetHints":{"allow":["GET"]}}],"collection":[{"href":"https:\/\/rnoticias.com.mx\/Portal\/wp-json\/wp\/v2\/posts"}],"about":[{"href":"https:\/\/rnoticias.com.mx\/Portal\/wp-json\/wp\/v2\/types\/post"}],"author":[{"embeddable":true,"href":"https:\/\/rnoticias.com.mx\/Portal\/wp-json\/wp\/v2\/users\/2"}],"replies":[{"embeddable":true,"href":"https:\/\/rnoticias.com.mx\/Portal\/wp-json\/wp\/v2\/comments?post=222188"}],"version-history":[{"count":1,"href":"https:\/\/rnoticias.com.mx\/Portal\/wp-json\/wp\/v2\/posts\/222188\/revisions"}],"predecessor-version":[{"id":222190,"href":"https:\/\/rnoticias.com.mx\/Portal\/wp-json\/wp\/v2\/posts\/222188\/revisions\/222190"}],"wp:featuredmedia":[{"embeddable":true,"href":"https:\/\/rnoticias.com.mx\/Portal\/wp-json\/wp\/v2\/media\/222189"}],"wp:attachment":[{"href":"https:\/\/rnoticias.com.mx\/Portal\/wp-json\/wp\/v2\/media?parent=222188"}],"wp:term":[{"taxonomy":"category","embeddable":true,"href":"https:\/\/rnoticias.com.mx\/Portal\/wp-json\/wp\/v2\/categories?post=222188"},{"taxonomy":"post_tag","embeddable":true,"href":"https:\/\/rnoticias.com.mx\/Portal\/wp-json\/wp\/v2\/tags?post=222188"}],"curies":[{"name":"wp","href":"https:\/\/api.w.org\/{rel}","templated":true}]}}