{"id":222185,"date":"2025-06-21T10:58:22","date_gmt":"2025-06-21T17:58:22","guid":{"rendered":"https:\/\/rnoticias.com.mx\/Portal\/?p=222185"},"modified":"2025-06-21T10:58:22","modified_gmt":"2025-06-21T17:58:22","slug":"advierten-sobre-formacion-de-otro-ciclon-frente-a-costas-de-oaxaca","status":"publish","type":"post","link":"https:\/\/rnoticias.com.mx\/Portal\/2025\/06\/21\/advierten-sobre-formacion-de-otro-ciclon-frente-a-costas-de-oaxaca\/","title":{"rendered":"Advierten sobre formaci\u00f3n de otro cicl\u00f3n frente a costas de Oaxaca"},"content":{"rendered":"<p>El\u00a0<strong>Consejo Estatal de Protecci\u00f3n Civil<\/strong>\u00a0inform\u00f3 que se ha identificado una zona con potencial cicl\u00f3nico frente a las costas de Centroam\u00e9rica y el sur de M\u00e9xico, particularmente frente a las costas de Oaxaca.<\/p>\n<p>De acuerdo con el Centro Nacional de Huracanes de los Estados Unidos, precis\u00f3 que esta \u00e1rea presenta un 40 por ciento de probabilidad de desarrollo cicl\u00f3nico en los pr\u00f3ximos siete d\u00edas y se prev\u00e9 un desarrollo gradual del sistema durante los pr\u00f3ximos d\u00edas.<\/p>\n<p>En tanto que el sistema tropical \u201c<strong><em>Erick<\/em><\/strong>\u201d se ha debilitado y ahora se clasifica como una baja presi\u00f3n remanente sobre el estado de Guerrero report\u00f3 el Consejo Estatal de Protecci\u00f3n Civil.<\/p>\n<div id=\"eldia-1281550897\" class=\"eldia-contenido eldia-target\" data-eldia-trackid=\"1573641\" data-eldia-trackbid=\"1\"><\/div>\n<div id=\"eldia-4195987289\" class=\"eldia-contenido-2 eldia-target\" data-eldia-trackid=\"1765657\" data-eldia-trackbid=\"1\"><\/div>\n<p>Pero a pesar de su debilitamiento, sus remanentes continuar\u00e1n generando condiciones de riesgo para el estado de Oaxaca durante la noche de este jueves y la madrugada del viernes.<\/p>\n<p>Se espera una acumulaci\u00f3n de precipitaci\u00f3n de hasta\u00a0<strong>250 mil\u00edmetros (mm),\u00a0<\/strong>por lo que se mantiene el pron\u00f3stico de lluvias puntuales torrenciales de 150 a 250 mm en Oaxaca y Guerrero.<\/p>\n<p>Estas precipitaciones pueden estar acompa\u00f1adas de descargas el\u00e9ctricas, adem\u00e1s de ocasionar aumento en los niveles de r\u00edos y arroyos, d<strong>eslaves en zonas de monta\u00f1a y encharcamientos e inundaciones en \u00e1reas bajas.<\/strong><\/p>\n<p>&nbsp;<\/p>\n<p>El Universal<\/p>\n","protected":false},"excerpt":{"rendered":"<p>El\u00a0Consejo Estatal de Protecci\u00f3n Civil\u00a0inform\u00f3 que se ha identificado una zona con potencial cicl\u00f3nico frente a las costas de Centroam\u00e9rica y el sur de M\u00e9xico, particularmente frente a las costas de Oaxaca. De acuerdo con el Centro Nacional de Huracanes de los Estados Unidos, precis\u00f3 que esta \u00e1rea presenta un 40 por ciento de probabilidad [&hellip;]<\/p>\n","protected":false},"author":2,"featured_media":222186,"comment_status":"closed","ping_status":"closed","sticky":false,"template":"","format":"standard","meta":{"footnotes":""},"categories":[12870,172],"tags":[12865,12874],"class_list":["post-222185","post","type-post","status-publish","format-standard","has-post-thumbnail","hentry","category-destacadas","category-nacional","tag-destacadas","tag-nacional"],"jetpack_featured_media_url":"https:\/\/rnoticias.com.mx\/Portal\/wp-content\/uploads\/2025\/06\/puerto1-1-1160x700-1.jpg","amp_enabled":true,"_links":{"self":[{"href":"https:\/\/rnoticias.com.mx\/Portal\/wp-json\/wp\/v2\/posts\/222185","targetHints":{"allow":["GET"]}}],"collection":[{"href":"https:\/\/rnoticias.com.mx\/Portal\/wp-json\/wp\/v2\/posts"}],"about":[{"href":"https:\/\/rnoticias.com.mx\/Portal\/wp-json\/wp\/v2\/types\/post"}],"author":[{"embeddable":true,"href":"https:\/\/rnoticias.com.mx\/Portal\/wp-json\/wp\/v2\/users\/2"}],"replies":[{"embeddable":true,"href":"https:\/\/rnoticias.com.mx\/Portal\/wp-json\/wp\/v2\/comments?post=222185"}],"version-history":[{"count":1,"href":"https:\/\/rnoticias.com.mx\/Portal\/wp-json\/wp\/v2\/posts\/222185\/revisions"}],"predecessor-version":[{"id":222187,"href":"https:\/\/rnoticias.com.mx\/Portal\/wp-json\/wp\/v2\/posts\/222185\/revisions\/222187"}],"wp:featuredmedia":[{"embeddable":true,"href":"https:\/\/rnoticias.com.mx\/Portal\/wp-json\/wp\/v2\/media\/222186"}],"wp:attachment":[{"href":"https:\/\/rnoticias.com.mx\/Portal\/wp-json\/wp\/v2\/media?parent=222185"}],"wp:term":[{"taxonomy":"category","embeddable":true,"href":"https:\/\/rnoticias.com.mx\/Portal\/wp-json\/wp\/v2\/categories?post=222185"},{"taxonomy":"post_tag","embeddable":true,"href":"https:\/\/rnoticias.com.mx\/Portal\/wp-json\/wp\/v2\/tags?post=222185"}],"curies":[{"name":"wp","href":"https:\/\/api.w.org\/{rel}","templated":true}]}}