{"id":222170,"date":"2025-06-21T10:26:44","date_gmt":"2025-06-21T17:26:44","guid":{"rendered":"https:\/\/rnoticias.com.mx\/Portal\/?p=222170"},"modified":"2025-06-21T10:26:44","modified_gmt":"2025-06-21T17:26:44","slug":"capacita-gobierno-de-sonora-a-docentes-para-innovar-la-practica-educativa-con-el-uso-de-la-inteligencia-artificial-sec","status":"publish","type":"post","link":"https:\/\/rnoticias.com.mx\/Portal\/2025\/06\/21\/capacita-gobierno-de-sonora-a-docentes-para-innovar-la-practica-educativa-con-el-uso-de-la-inteligencia-artificial-sec\/","title":{"rendered":"Capacita Gobierno de Sonora a docentes para innovar la pr\u00e1ctica educativa con el uso de la Inteligencia Artificial: SEC"},"content":{"rendered":"<p>Hermosillo, Sonora; 21 de junio de 2025.- Alrededor de mil 700 docentes fueron capacitados por el Gobierno de Sonora, a trav\u00e9s de la Secretar\u00eda de Educaci\u00f3n y Cultura (SEC), para mejorar el uso de la tecnolog\u00eda y eficientar la integraci\u00f3n de la Inteligencia Artificial (IA) en la pr\u00e1ctica pedag\u00f3gica.<\/p>\n<p>A trav\u00e9s de los cursos \u201cFormaci\u00f3n y Actualizaci\u00f3n Directiva: Tecnolog\u00edas Educativas Aplicadas a la Gesti\u00f3n y Pr\u00e1ctica Pedag\u00f3gica en la Nueva Escuela Mexicana\u201d e \u201cIntegraci\u00f3n de la Inteligencia Artificial en la Pr\u00e1ctica Docente\u201d, se busca que docentes y figuras directivas fortalezcan sus competencias profesionales mediante el uso de herramientas tecnol\u00f3gicas e innovadoras.<\/p>\n<p>El titular de la SEC, Froyl\u00e1n G\u00e1mez Gamboa, detall\u00f3 que ambos cursos se impartieron de manera virtual y presencial, con el prop\u00f3sito de que las y los maestros incorporen la IA en sus estrategias educativas, promoviendo un aprendizaje m\u00e1s personalizado, interactivo y eficiente para el alumnado.<\/p>\n<p>Adem\u00e1s, los participantes abordaron temas clave como el liderazgo escolar, la gesti\u00f3n pedag\u00f3gica y el uso de tecnolog\u00edas digitales para la toma de decisiones informadas, en beneficio de la operatividad de los planteles.<\/p>\n<p>Estas acciones forman parte de la estrategia integral de formaci\u00f3n continua promovida por el Gobierno de Sonora, orientada a consolidar una educaci\u00f3n de calidad, innovadora y con visi\u00f3n de futuro, en armon\u00eda con los principios rectores de la Nueva Escuela Mexicana (NEM).<\/p>\n","protected":false},"excerpt":{"rendered":"<p>Hermosillo, Sonora; 21 de junio de 2025.- Alrededor de mil 700 docentes fueron capacitados por el Gobierno de Sonora, a trav\u00e9s de la Secretar\u00eda de Educaci\u00f3n y Cultura (SEC), para mejorar el uso de la tecnolog\u00eda y eficientar la integraci\u00f3n de la Inteligencia Artificial (IA) en la pr\u00e1ctica pedag\u00f3gica. A trav\u00e9s de los cursos \u201cFormaci\u00f3n [&hellip;]<\/p>\n","protected":false},"author":2,"featured_media":222171,"comment_status":"closed","ping_status":"closed","sticky":false,"template":"","format":"standard","meta":{"footnotes":""},"categories":[12870,178],"tags":[12865,12869],"class_list":["post-222170","post","type-post","status-publish","format-standard","has-post-thumbnail","hentry","category-destacadas","category-local","tag-destacadas","tag-local"],"jetpack_featured_media_url":"https:\/\/rnoticias.com.mx\/Portal\/wp-content\/uploads\/2025\/06\/unnamed-92.jpg","amp_enabled":true,"_links":{"self":[{"href":"https:\/\/rnoticias.com.mx\/Portal\/wp-json\/wp\/v2\/posts\/222170","targetHints":{"allow":["GET"]}}],"collection":[{"href":"https:\/\/rnoticias.com.mx\/Portal\/wp-json\/wp\/v2\/posts"}],"about":[{"href":"https:\/\/rnoticias.com.mx\/Portal\/wp-json\/wp\/v2\/types\/post"}],"author":[{"embeddable":true,"href":"https:\/\/rnoticias.com.mx\/Portal\/wp-json\/wp\/v2\/users\/2"}],"replies":[{"embeddable":true,"href":"https:\/\/rnoticias.com.mx\/Portal\/wp-json\/wp\/v2\/comments?post=222170"}],"version-history":[{"count":1,"href":"https:\/\/rnoticias.com.mx\/Portal\/wp-json\/wp\/v2\/posts\/222170\/revisions"}],"predecessor-version":[{"id":222172,"href":"https:\/\/rnoticias.com.mx\/Portal\/wp-json\/wp\/v2\/posts\/222170\/revisions\/222172"}],"wp:featuredmedia":[{"embeddable":true,"href":"https:\/\/rnoticias.com.mx\/Portal\/wp-json\/wp\/v2\/media\/222171"}],"wp:attachment":[{"href":"https:\/\/rnoticias.com.mx\/Portal\/wp-json\/wp\/v2\/media?parent=222170"}],"wp:term":[{"taxonomy":"category","embeddable":true,"href":"https:\/\/rnoticias.com.mx\/Portal\/wp-json\/wp\/v2\/categories?post=222170"},{"taxonomy":"post_tag","embeddable":true,"href":"https:\/\/rnoticias.com.mx\/Portal\/wp-json\/wp\/v2\/tags?post=222170"}],"curies":[{"name":"wp","href":"https:\/\/api.w.org\/{rel}","templated":true}]}}