{"id":222166,"date":"2025-06-20T19:03:27","date_gmt":"2025-06-21T02:03:27","guid":{"rendered":"https:\/\/rnoticias.com.mx\/Portal\/?p=222166"},"modified":"2025-06-20T19:03:27","modified_gmt":"2025-06-21T02:03:27","slug":"capturados-dos-sujetos-tras-agredir-a-agentes-la-amic-en-san-luis-rio-colorado","status":"publish","type":"post","link":"https:\/\/rnoticias.com.mx\/Portal\/2025\/06\/20\/capturados-dos-sujetos-tras-agredir-a-agentes-la-amic-en-san-luis-rio-colorado\/","title":{"rendered":"Capturados dos sujetos tras agredir a agentes la AMIC en San Luis R\u00edo Colorado"},"content":{"rendered":"<p>San Luis R\u00edo Colorado, Sonora, 20 de junio de 2025.- Elementos de la Agencia Ministerial de Investigaci\u00f3n Criminal (AMIC) capturaron en flagrancia delictiva a \u00d3scar Manuel \u201cN\u201d, de 23 a\u00f1os, y Luis Manuel \u201cN\u201d, de 18, luego de que agredieron a los agentes con disparos de arma de fuego al tratar de huir tras ser detectados en San Luis R\u00edo Colorado, Sonora.<\/p>\n<p>Los hechos se suscitaron el pasado 19 de junio, alrededor de las 23:30 horas, cuando los agentes ministeriales realizaban actos de investigaci\u00f3n en la colonia Solidaridad, relacionados con hechos violentos recientes.<\/p>\n<p>Al encontrarse en la calle Mazatl\u00e1n y 42, detectaron a dos individuos a bordo de un veh\u00edculo Hyundai Accent, blanco, dos puertas, coincidente con reportes de otros eventos delictivos en la zona; al notar la presencia de la autoridad, los sujetos emprendieron la huida a alta velocidad, iniciando una persecuci\u00f3n.<\/p>\n<p>Durante el seguimiento, los ocupantes de la unidad realizaron disparos de arma de fuego en contra del personal de AMIC, ocasionando impactos en el parabrisas de la unidad oficial. La persecuci\u00f3n concluy\u00f3 en la calle Ejido A, entre las calles 7 y 8, en la colonia Del Bosque, donde se logr\u00f3 asegurar a los dos sujetos.<\/p>\n<p>A \u00d3scar Manuel \u201cN\u201d se le asegur\u00f3 un arma de fuego tipo pistola; ambos se ostentaron como integrantes de un grupo delictivo generador de violencia en la regi\u00f3n; posteriormente fueron puestos a disposici\u00f3n del Ministerio P\u00fablico para el inicio de las diligencias correspondientes.<\/p>\n<p>Como indicios se les asegur\u00f3 un arma de fuego tipo pistola marca Smith &amp; Wesson calibre 9 mil\u00edmetros con cargador y tres cartuchos \u00fatiles, el veh\u00edculo Hyundai Accent, color blanco, dos puertas, con placas de afiliaci\u00f3n, 60 cartuchos calibre 7.62&#215;39, nueve casquillos calibre .357, un cargador para calibre 7.62&#215;39, un radio de comunicaci\u00f3n color negro, un tel\u00e9fono celular, cuatro pasamonta\u00f1as y una cartera con identificaciones.<\/p>\n<p>La Fiscal\u00eda General de Justicia del Estado de Sonora (FGJES), a trav\u00e9s de la AMIC, refrenda su compromiso con la seguridad de sus elementos y de la sociedad, actuando de manera firme ante ataques directos a la autoridad para preservar la paz en el Estado.<\/p>\n","protected":false},"excerpt":{"rendered":"<p>San Luis R\u00edo Colorado, Sonora, 20 de junio de 2025.- Elementos de la Agencia Ministerial de Investigaci\u00f3n Criminal (AMIC) capturaron en flagrancia delictiva a \u00d3scar Manuel \u201cN\u201d, de 23 a\u00f1os, y Luis Manuel \u201cN\u201d, de 18, luego de que agredieron a los agentes con disparos de arma de fuego al tratar de huir tras ser [&hellip;]<\/p>\n","protected":false},"author":2,"featured_media":222167,"comment_status":"closed","ping_status":"closed","sticky":false,"template":"","format":"standard","meta":{"footnotes":""},"categories":[12870,174],"tags":[12865,12873],"class_list":["post-222166","post","type-post","status-publish","format-standard","has-post-thumbnail","hentry","category-destacadas","category-estatal","tag-destacadas","tag-estatal"],"jetpack_featured_media_url":"https:\/\/rnoticias.com.mx\/Portal\/wp-content\/uploads\/2025\/06\/bd761301-6a33-47d2-a770-67a800a3bb7d.jpg","amp_enabled":true,"_links":{"self":[{"href":"https:\/\/rnoticias.com.mx\/Portal\/wp-json\/wp\/v2\/posts\/222166","targetHints":{"allow":["GET"]}}],"collection":[{"href":"https:\/\/rnoticias.com.mx\/Portal\/wp-json\/wp\/v2\/posts"}],"about":[{"href":"https:\/\/rnoticias.com.mx\/Portal\/wp-json\/wp\/v2\/types\/post"}],"author":[{"embeddable":true,"href":"https:\/\/rnoticias.com.mx\/Portal\/wp-json\/wp\/v2\/users\/2"}],"replies":[{"embeddable":true,"href":"https:\/\/rnoticias.com.mx\/Portal\/wp-json\/wp\/v2\/comments?post=222166"}],"version-history":[{"count":1,"href":"https:\/\/rnoticias.com.mx\/Portal\/wp-json\/wp\/v2\/posts\/222166\/revisions"}],"predecessor-version":[{"id":222168,"href":"https:\/\/rnoticias.com.mx\/Portal\/wp-json\/wp\/v2\/posts\/222166\/revisions\/222168"}],"wp:featuredmedia":[{"embeddable":true,"href":"https:\/\/rnoticias.com.mx\/Portal\/wp-json\/wp\/v2\/media\/222167"}],"wp:attachment":[{"href":"https:\/\/rnoticias.com.mx\/Portal\/wp-json\/wp\/v2\/media?parent=222166"}],"wp:term":[{"taxonomy":"category","embeddable":true,"href":"https:\/\/rnoticias.com.mx\/Portal\/wp-json\/wp\/v2\/categories?post=222166"},{"taxonomy":"post_tag","embeddable":true,"href":"https:\/\/rnoticias.com.mx\/Portal\/wp-json\/wp\/v2\/tags?post=222166"}],"curies":[{"name":"wp","href":"https:\/\/api.w.org\/{rel}","templated":true}]}}