{"id":222163,"date":"2025-06-20T19:02:33","date_gmt":"2025-06-21T02:02:33","guid":{"rendered":"https:\/\/rnoticias.com.mx\/Portal\/?p=222163"},"modified":"2025-06-20T19:02:33","modified_gmt":"2025-06-21T02:02:33","slug":"canelo-alvarez-lanza-contundente-mensaje-a-terence-crawford","status":"publish","type":"post","link":"https:\/\/rnoticias.com.mx\/Portal\/2025\/06\/20\/canelo-alvarez-lanza-contundente-mensaje-a-terence-crawford\/","title":{"rendered":"\u201cCanelo\u201d \u00c1lvarez lanza contundente mensaje a Terence Crawford"},"content":{"rendered":"<p><strong>Sa\u00fal \u00c1lvarez\u00a0<\/strong>se volver\u00e1 a subir al ring el s\u00e1bado 13 de septiembre en el Allegiant Stadium de Las Vegas, con el objetivo de defender su t\u00edtulo como campe\u00f3n mundial absoluto del peso supermediano.<\/p>\n<p>El<strong><em>\u00a0\u201cCanelo\u201d<\/em><\/strong>\u00a0expondr\u00e1 sus cinturones de la<strong>\u00a0Asociaci\u00f3n Mundial de Boxeo (AMB)<\/strong>, Organizaci\u00f3n Mundial de Boxeo (OMB) , Federaci\u00f3n Internacional de Boxeo (FIB) y el Consejo Mundial de Boxeo (CMB) ante el estadounidense Terence Crawford.<\/p>\n<p>El mexicano se enfrentar\u00e1 a uno de los mejores boxeadores de los \u00faltimos a\u00f1os, quien ya sabe lo que significa ser campe\u00f3n indiscutido en dos divisiones diferentes (welter y superwelter) y que, adem\u00e1s, posee un r\u00e9cord de 41 victorias en 41 peleas, 31 de ellas por la v\u00eda del nocaut.<\/p>\n<p>Sin embargo, el tapat\u00edo es consciente de sus capacidades y conf\u00eda en que retendr\u00e1 sus cetros en el inmueble vegasino porque su sue\u00f1o es\u00a0<strong><em>\u201chacer historia\u201d<\/em><\/strong>\u00a0en el mundo box\u00edstico.<\/p>\n<p><strong><em>\u201cEstoy enfocado 100% en esta pelea. Har\u00e9 mi trabajo y voy a tomar todo de manera seria. Estoy preparado para lo que sea, conozco mis habilidades y siempre estoy pensando en ganar [porque] mi mentalidad es diferente. \u00a1Soy un ganador!\u201d,<\/em><\/strong>\u00a0declar\u00f3.<\/p>\n<p>En el inicio de la gira promocional de su combate en Riad, Arabia Saudita, el \u201cCanelo\u201d \u00c1lvarez platic\u00f3 sobre su rival, a quien est\u00e1 seguro que derrotar\u00e1 en el mes patrio.<\/p>\n<div class=\"stream-item stream-item-in-post stream-item-inline-post aligncenter\">\n<div class=\"stream-item-size\"><\/div>\n<\/div>\n<p><em><strong>\u201cEs un gran peleador, pero \u00e9l no es \u2018Canelo\u2019. No es diferente a los otros, no me derrotar\u00e1, no s\u00e9 preocupen sobre eso. Pienso que est\u00e1 pelea ser\u00e1 grande y que estar\u00e1 en los libros de historia del boxeo, eso es seguro\u201d<\/strong><\/em>, sentenci\u00f3.<\/p>\n<p>Sa\u00fal \u00c1lvarez reconoci\u00f3 sentirse\u00a0<strong><em>\u201cemocionado\u201d<\/em><\/strong>\u00a0por su siguiente combate, aunque pide que Terence Crawford est\u00e9 a su altura, sobre todo por la \u201cdecepci\u00f3n\u201d que vivi\u00f3 con el cubano William Scull en mayo.<\/p>\n<p><em><strong>\u201cEspero que no [corra] porque pienso que la gente se merece una buena pelea y es por eso que estamos aqu\u00ed, para hacer una buena pelea. Que el mejor peleador gane, pero yo vine a ganar y necesitamos que los dos peleadores piensen lo mismo\u201d<\/strong><\/em>, manifest\u00f3.<\/p>\n<p>El\u00a0<strong><em>\u201cCanelo\u201d\u00a0<\/em><\/strong>est\u00e1 seguro que tendr\u00e1 una de las mejores peleas de su carrera ante Terence Crawford y conf\u00eda en su<strong><em>\u00a0\u201cexperiencia, preparaci\u00f3n y habilidad\u201d\u00a0<\/em><\/strong>para seguir siendo el n\u00famero uno de la categor\u00eda de los supermedianos.<\/p>\n<p>&nbsp;<\/p>\n<p>El Universal<\/p>\n","protected":false},"excerpt":{"rendered":"<p>Sa\u00fal \u00c1lvarez\u00a0se volver\u00e1 a subir al ring el s\u00e1bado 13 de septiembre en el Allegiant Stadium de Las Vegas, con el objetivo de defender su t\u00edtulo como campe\u00f3n mundial absoluto del peso supermediano. El\u00a0\u201cCanelo\u201d\u00a0expondr\u00e1 sus cinturones de la\u00a0Asociaci\u00f3n Mundial de Boxeo (AMB), Organizaci\u00f3n Mundial de Boxeo (OMB) , Federaci\u00f3n Internacional de Boxeo (FIB) y el [&hellip;]<\/p>\n","protected":false},"author":2,"featured_media":222164,"comment_status":"closed","ping_status":"closed","sticky":false,"template":"","format":"standard","meta":{"footnotes":""},"categories":[188,12870],"tags":[5231,12865],"class_list":["post-222163","post","type-post","status-publish","format-standard","has-post-thumbnail","hentry","category-deportes","category-destacadas","tag-deportes","tag-destacadas"],"jetpack_featured_media_url":"https:\/\/rnoticias.com.mx\/Portal\/wp-content\/uploads\/2025\/06\/Canelo-Alvarez-y-Terence-Crawford-se-juntaron-en-una-ruda-de-prensa.webp","amp_enabled":true,"_links":{"self":[{"href":"https:\/\/rnoticias.com.mx\/Portal\/wp-json\/wp\/v2\/posts\/222163","targetHints":{"allow":["GET"]}}],"collection":[{"href":"https:\/\/rnoticias.com.mx\/Portal\/wp-json\/wp\/v2\/posts"}],"about":[{"href":"https:\/\/rnoticias.com.mx\/Portal\/wp-json\/wp\/v2\/types\/post"}],"author":[{"embeddable":true,"href":"https:\/\/rnoticias.com.mx\/Portal\/wp-json\/wp\/v2\/users\/2"}],"replies":[{"embeddable":true,"href":"https:\/\/rnoticias.com.mx\/Portal\/wp-json\/wp\/v2\/comments?post=222163"}],"version-history":[{"count":1,"href":"https:\/\/rnoticias.com.mx\/Portal\/wp-json\/wp\/v2\/posts\/222163\/revisions"}],"predecessor-version":[{"id":222165,"href":"https:\/\/rnoticias.com.mx\/Portal\/wp-json\/wp\/v2\/posts\/222163\/revisions\/222165"}],"wp:featuredmedia":[{"embeddable":true,"href":"https:\/\/rnoticias.com.mx\/Portal\/wp-json\/wp\/v2\/media\/222164"}],"wp:attachment":[{"href":"https:\/\/rnoticias.com.mx\/Portal\/wp-json\/wp\/v2\/media?parent=222163"}],"wp:term":[{"taxonomy":"category","embeddable":true,"href":"https:\/\/rnoticias.com.mx\/Portal\/wp-json\/wp\/v2\/categories?post=222163"},{"taxonomy":"post_tag","embeddable":true,"href":"https:\/\/rnoticias.com.mx\/Portal\/wp-json\/wp\/v2\/tags?post=222163"}],"curies":[{"name":"wp","href":"https:\/\/api.w.org\/{rel}","templated":true}]}}