{"id":222157,"date":"2025-06-20T18:56:08","date_gmt":"2025-06-21T01:56:08","guid":{"rendered":"https:\/\/rnoticias.com.mx\/Portal\/?p=222157"},"modified":"2025-06-20T18:56:08","modified_gmt":"2025-06-21T01:56:08","slug":"gobierno-de-sonora-formaliza-comite-consultivo-de-capacitacion-y-formacion-minera-icatson","status":"publish","type":"post","link":"https:\/\/rnoticias.com.mx\/Portal\/2025\/06\/20\/gobierno-de-sonora-formaliza-comite-consultivo-de-capacitacion-y-formacion-minera-icatson\/","title":{"rendered":"Gobierno de Sonora formaliza Comit\u00e9 Consultivo de Capacitaci\u00f3n y Formaci\u00f3n Minera: Icatson"},"content":{"rendered":"<p>Cananea, Sonora; 20 de junio de 2024.- El Gobierno de Sonora, a trav\u00e9s del Instituto de Capacitaci\u00f3n para el Trabajo del Estado de Sonora (Icatson), formaliz\u00f3 el Comit\u00e9 Consultivo de Capacitaci\u00f3n y Formaci\u00f3n Minera en Cananea, una iniciativa estrat\u00e9gica para fortalecer la demanda de mano de obra calificada requerida por el sector minero de la regi\u00f3n, en las instalaciones del Parque Tamosura de Grupo M\u00e9xico, en Cananea.<\/p>\n<p>Dicho comit\u00e9 tiene como objetivo principal el desarrollo de habilidades y competencias laborales alineadas con las demandas reales de la industria minera, abarcando \u00e1reas como operaci\u00f3n de maquinaria, equipo tecnol\u00f3gico y de medici\u00f3n, mantenimiento industrial, habilidades blandas y conducci\u00f3n de veh\u00edculos especializados, entre otras.<\/p>\n<p>Con la participaci\u00f3n de empresas clave como Grupo M\u00e9xico, Sindicato CTM, Fucasa, Caterpillar; as\u00ed como instituciones educativas, organizaciones empresariales como Canaco y el Cl\u00faster Minero, adem\u00e1s de dependencias gubernamentales como la Secretar\u00eda de Econom\u00eda, la Secretar\u00eda de Educaci\u00f3n y la Secretar\u00eda del Trabajo, en conjunto con empresas locales y regionales del sector minero e industrial, se llev\u00f3 a cabo este importante v\u00ednculo enfocado en identificar perfiles laborales prioritarios en materia de capacitaci\u00f3n minera.<\/p>\n<p>Este esfuerzo conjunto sienta las bases para una formaci\u00f3n t\u00e9cnica de calidad, pertinente y adaptada a las necesidades reales del sector minero en Sonora, reafirmando el compromiso del Icatson y sus aliados. Todo esto es posible gracias al respaldo del gobernador Alfonso Durazo Monta\u00f1o.<\/p>\n","protected":false},"excerpt":{"rendered":"<p>Cananea, Sonora; 20 de junio de 2024.- El Gobierno de Sonora, a trav\u00e9s del Instituto de Capacitaci\u00f3n para el Trabajo del Estado de Sonora (Icatson), formaliz\u00f3 el Comit\u00e9 Consultivo de Capacitaci\u00f3n y Formaci\u00f3n Minera en Cananea, una iniciativa estrat\u00e9gica para fortalecer la demanda de mano de obra calificada requerida por el sector minero de la [&hellip;]<\/p>\n","protected":false},"author":2,"featured_media":222158,"comment_status":"closed","ping_status":"closed","sticky":false,"template":"","format":"standard","meta":{"footnotes":""},"categories":[12870,174],"tags":[12865,12873],"class_list":["post-222157","post","type-post","status-publish","format-standard","has-post-thumbnail","hentry","category-destacadas","category-estatal","tag-destacadas","tag-estatal"],"jetpack_featured_media_url":"https:\/\/rnoticias.com.mx\/Portal\/wp-content\/uploads\/2025\/06\/unnamed-1-51.jpg","amp_enabled":true,"_links":{"self":[{"href":"https:\/\/rnoticias.com.mx\/Portal\/wp-json\/wp\/v2\/posts\/222157","targetHints":{"allow":["GET"]}}],"collection":[{"href":"https:\/\/rnoticias.com.mx\/Portal\/wp-json\/wp\/v2\/posts"}],"about":[{"href":"https:\/\/rnoticias.com.mx\/Portal\/wp-json\/wp\/v2\/types\/post"}],"author":[{"embeddable":true,"href":"https:\/\/rnoticias.com.mx\/Portal\/wp-json\/wp\/v2\/users\/2"}],"replies":[{"embeddable":true,"href":"https:\/\/rnoticias.com.mx\/Portal\/wp-json\/wp\/v2\/comments?post=222157"}],"version-history":[{"count":1,"href":"https:\/\/rnoticias.com.mx\/Portal\/wp-json\/wp\/v2\/posts\/222157\/revisions"}],"predecessor-version":[{"id":222159,"href":"https:\/\/rnoticias.com.mx\/Portal\/wp-json\/wp\/v2\/posts\/222157\/revisions\/222159"}],"wp:featuredmedia":[{"embeddable":true,"href":"https:\/\/rnoticias.com.mx\/Portal\/wp-json\/wp\/v2\/media\/222158"}],"wp:attachment":[{"href":"https:\/\/rnoticias.com.mx\/Portal\/wp-json\/wp\/v2\/media?parent=222157"}],"wp:term":[{"taxonomy":"category","embeddable":true,"href":"https:\/\/rnoticias.com.mx\/Portal\/wp-json\/wp\/v2\/categories?post=222157"},{"taxonomy":"post_tag","embeddable":true,"href":"https:\/\/rnoticias.com.mx\/Portal\/wp-json\/wp\/v2\/tags?post=222157"}],"curies":[{"name":"wp","href":"https:\/\/api.w.org\/{rel}","templated":true}]}}