{"id":222148,"date":"2025-06-20T18:13:37","date_gmt":"2025-06-21T01:13:37","guid":{"rendered":"https:\/\/rnoticias.com.mx\/Portal\/?p=222148"},"modified":"2025-06-20T18:13:37","modified_gmt":"2025-06-21T01:13:37","slug":"gobernador-durazo-lidera-la-transicion-energetica-en-el-pais-con-plan-sonora","status":"publish","type":"post","link":"https:\/\/rnoticias.com.mx\/Portal\/2025\/06\/20\/gobernador-durazo-lidera-la-transicion-energetica-en-el-pais-con-plan-sonora\/","title":{"rendered":"Gobernador Durazo lidera la transici\u00f3n energ\u00e9tica en el pa\u00eds con Plan Sonora"},"content":{"rendered":"<p align=\"left\">Hermosillo, Sonora; 20 de junio de 2025.- El gobernador Alfonso Durazo Monta\u00f1o reafirm\u00f3 su compromiso con una pol\u00edtica energ\u00e9tica moderna, justa y sostenible al encabezar, de manera virtual, el Foro Consultivo de Gas Natural 2025, realizado en Hermosillo. El evento organizado por el Centro Nacional de Control del Gas Natural (Cenegas) en coordinaci\u00f3n con el Gobierno de Sonora, se alinea a los objetivos estrat\u00e9gicos del Plan Sonora, proyecto que representa punta de lanza en la transici\u00f3n energ\u00e9tica nacional.<\/p>\n<p align=\"left\">\n<p align=\"left\">Durante su mensaje, el mandatario estatal destac\u00f3 la relevancia de este espacio de di\u00e1logo para planear con visi\u00f3n de futuro la infraestructura energ\u00e9tica que M\u00e9xico requiere. Se\u00f1al\u00f3 que el Plan Sonora impulsa un nuevo modelo de desarrollo basado en fuentes limpias, innovaci\u00f3n tecnol\u00f3gica y justicia social, que no solo fortalece la industria, sino que genera bienestar directo para las familias sonorenses.<\/p>\n<p align=\"left\">\n<p align=\"left\">\u201cDesde Sonora, impulsamos el desarrollo de un modelo de gas natural como fuente de transici\u00f3n energ\u00e9tica con criterios de eficiencia, sustentabilidad y beneficio social que contribuya a garantizar mejores condiciones para las pr\u00f3ximas generaciones\u201d, subray\u00f3 el gobernador.<\/p>\n<p align=\"left\">\n<p align=\"left\">El foro organizado por la Secretar\u00eda de Energ\u00eda (SENER) cont\u00f3 con la participaci\u00f3n del director general de Cenegas, Cuitl\u00e1huac Garc\u00eda Jim\u00e9nez, quien reconoci\u00f3 a Sonora como un territorio estrat\u00e9gico en el mapa energ\u00e9tico del pa\u00eds.<\/p>\n<p align=\"left\">\n<p align=\"left\">Por su parte, el presidente ejecutivo del Consejo para el Desarrollo Sostenible del Estado (Codeso), Francisco Acu\u00f1a M\u00e9ndez, resalt\u00f3 que el Plan Sonora forma parte de los 100 compromisos presidenciales y representa un eje transformador del desarrollo regional, al conjugar la vocaci\u00f3n industrial de Sonora, su ubicaci\u00f3n geoestrat\u00e9gica y el respaldo t\u00e9cnico de Cenegas.<\/p>\n<p align=\"left\">\n<p align=\"left\">El Foro Consultivo de Gas Natural 2025 reuni\u00f3 a m\u00e1s de 150 especialistas, autoridades, representantes del sector productivo, acad\u00e9micos y sociedad civil en un ejercicio plural e incluyente. A lo largo de siete ponencias, se abordaron temas clave como transporte, almacenamiento, uso eficiente del gas y desarrollo industrial con enfoque de sostenibilidad.<\/p>\n","protected":false},"excerpt":{"rendered":"<p>Hermosillo, Sonora; 20 de junio de 2025.- El gobernador Alfonso Durazo Monta\u00f1o reafirm\u00f3 su compromiso con una pol\u00edtica energ\u00e9tica moderna, justa y sostenible al encabezar, de manera virtual, el Foro Consultivo de Gas Natural 2025, realizado en Hermosillo. El evento organizado por el Centro Nacional de Control del Gas Natural (Cenegas) en coordinaci\u00f3n con el [&hellip;]<\/p>\n","protected":false},"author":2,"featured_media":222149,"comment_status":"closed","ping_status":"closed","sticky":false,"template":"","format":"standard","meta":{"footnotes":""},"categories":[12870,178],"tags":[12865,12869],"class_list":["post-222148","post","type-post","status-publish","format-standard","has-post-thumbnail","hentry","category-destacadas","category-local","tag-destacadas","tag-local"],"jetpack_featured_media_url":"https:\/\/rnoticias.com.mx\/Portal\/wp-content\/uploads\/2025\/06\/unnamed-90.jpg","amp_enabled":true,"_links":{"self":[{"href":"https:\/\/rnoticias.com.mx\/Portal\/wp-json\/wp\/v2\/posts\/222148","targetHints":{"allow":["GET"]}}],"collection":[{"href":"https:\/\/rnoticias.com.mx\/Portal\/wp-json\/wp\/v2\/posts"}],"about":[{"href":"https:\/\/rnoticias.com.mx\/Portal\/wp-json\/wp\/v2\/types\/post"}],"author":[{"embeddable":true,"href":"https:\/\/rnoticias.com.mx\/Portal\/wp-json\/wp\/v2\/users\/2"}],"replies":[{"embeddable":true,"href":"https:\/\/rnoticias.com.mx\/Portal\/wp-json\/wp\/v2\/comments?post=222148"}],"version-history":[{"count":1,"href":"https:\/\/rnoticias.com.mx\/Portal\/wp-json\/wp\/v2\/posts\/222148\/revisions"}],"predecessor-version":[{"id":222150,"href":"https:\/\/rnoticias.com.mx\/Portal\/wp-json\/wp\/v2\/posts\/222148\/revisions\/222150"}],"wp:featuredmedia":[{"embeddable":true,"href":"https:\/\/rnoticias.com.mx\/Portal\/wp-json\/wp\/v2\/media\/222149"}],"wp:attachment":[{"href":"https:\/\/rnoticias.com.mx\/Portal\/wp-json\/wp\/v2\/media?parent=222148"}],"wp:term":[{"taxonomy":"category","embeddable":true,"href":"https:\/\/rnoticias.com.mx\/Portal\/wp-json\/wp\/v2\/categories?post=222148"},{"taxonomy":"post_tag","embeddable":true,"href":"https:\/\/rnoticias.com.mx\/Portal\/wp-json\/wp\/v2\/tags?post=222148"}],"curies":[{"name":"wp","href":"https:\/\/api.w.org\/{rel}","templated":true}]}}