{"id":222145,"date":"2025-06-20T17:10:59","date_gmt":"2025-06-21T00:10:59","guid":{"rendered":"https:\/\/rnoticias.com.mx\/Portal\/?p=222145"},"modified":"2025-06-20T17:10:59","modified_gmt":"2025-06-21T00:10:59","slug":"el-colegio-de-sonora-destaca-a-nivel-nacional-en-convocatoria-de-investigacion-humanistica-2025-de-la-secihti","status":"publish","type":"post","link":"https:\/\/rnoticias.com.mx\/Portal\/2025\/06\/20\/el-colegio-de-sonora-destaca-a-nivel-nacional-en-convocatoria-de-investigacion-humanistica-2025-de-la-secihti\/","title":{"rendered":"El Colegio de Sonora destaca a nivel nacional en convocatoria de Investigaci\u00f3n Human\u00edstica 2025 de la Secihti"},"content":{"rendered":"<div class=\"x_elementToProof\" data-olk-copy-source=\"MessageBody\">La comunidad acad\u00e9mica de El Colegio de Sonora result\u00f3 ampliamente beneficiada dentro de la convocatoria de Investigaci\u00f3n Human\u00edstica 2025 de la Secretar\u00eda de Ciencia, Humanidades, Tecnolog\u00eda e Innovaci\u00f3n (Secihti), con la aprobaci\u00f3n de siete proyectos de entre 121 provenientes de diferentes instituciones de todo el pa\u00eds con lo que se coloca a la vanguardia nacional en el abordaje de temas y problemas de inter\u00e9s p\u00fablico que reflejan la calidad y relevancia de la investigaci\u00f3n que se realiza en la instituci\u00f3n.<\/div>\n<div data-olk-copy-source=\"MessageBody\"><\/div>\n<div class=\"x_elementToProof\">Los proyectos beneficiados provienen de los diferentes centros de investigaci\u00f3n del Colson y comprenden las siguientes tem\u00e1ticas:<\/div>\n<div><\/div>\n<div class=\"x_elementToProof\">&#8211; Francisco Javier Landeros Jaime (CEGAP): &#8220;Entre la violencia, el atrapamiento y la espera: mujeres migrantes y atenci\u00f3n de sociedad civil organizada en Sonora&#8221;, busca comprender las dificultades emocionales y de salud mental de mujeres migrantes en tr\u00e1nsito por Sonora y el papel de la sociedad civil en su atenci\u00f3n.<\/div>\n<div><\/div>\n<div class=\"x_elementToProof\">&#8211; Mario Alberto Vel\u00e1zquez Garc\u00eda (CET): &#8220;Emprendimiento femenino y patrimonio biocultural: estrategias, desaf\u00edos e identidades en la organizaci\u00f3n Las Mujeres del Mezcal y Maguey de M\u00e9xico&#8221;, cuyo objetivo es estudiar las estrategias de emprendimiento de mujeres dedicadas a la elaboraci\u00f3n de estas bebidas tradicionales y sus formas de preservaci\u00f3n como patrimonio biocultural.<\/div>\n<div><\/div>\n<div class=\"x_elementToProof\">&#8211; Gloria Ciria Vald\u00e9z Gardea (CET): &#8220;El derecho humano a la educaci\u00f3n de ni\u00f1as, ni\u00f1os y adolescentes (NNA) migrantes: configuraci\u00f3n m\u00ednima y est\u00e1ndares de protecci\u00f3n, efectividad y desaf\u00edos para la inclusi\u00f3n de NNA en aulas de Sonora&#8221;, para caracterizar el derecho a la educaci\u00f3n de ni\u00f1as, ni\u00f1os y adolescentes migrantes e identificar<\/div>\n<div class=\"x_elementToProof\">barreras y oportunidades de inclusi\u00f3n escolar;<\/div>\n<div><\/div>\n<div class=\"x_elementToProof\">&#8211; Juan Poom Medina (CEGAP): &#8220;La agenda de los gobiernos municipales en el norte de M\u00e9xico frente a la violencia criminal&#8221;, el cual pretende evaluar las respuestas de los gobiernos municipales frente a la escalada de violencia criminal.<\/div>\n<div><\/div>\n<div class=\"x_elementToProof\">&#8211; Esther Padilla Calder\u00f3n (CEHRF): &#8220;El ejido en M\u00e9xico: modelos de propiedad agraria entre la Reforma y la Revoluci\u00f3n (1856-1940)&#8221;, analizar hist\u00f3ricamente el concepto de ejido para entender los modelos de propiedad agraria.<\/div>\n<div><\/div>\n<div class=\"x_elementToProof\">&#8211; Alex Covarrubias Valdenebro (CET): &#8220;Hacia la revisi\u00f3n del T-MEC: Espacios estrat\u00e9gicos de oportunidades para la revisi\u00f3n del Tratado desde la perspectiva de los trabajadores de la IA para una transici\u00f3n justa y una agenda laboral transfronteriza&#8221;, con el prop\u00f3sito de explorar oportunidades estrat\u00e9gicas dentro del T-MEC en el contexto global de la automatizaci\u00f3n y la electromovilidad.<\/div>\n<div><\/div>\n<div class=\"x_elementToProof\">&#8211; Mar\u00eda del Carmen Arellano G\u00e1lvez (CESS): &#8220;Vivir con diabetes: trayectorias de atenci\u00f3n en la poblaci\u00f3n jornalera agr\u00edcola asentada en localidades de Sinaloa y Sonora. An\u00e1lisis desde la interculturalidad y el g\u00e9nero&#8221;, donde se aborda, desde un enfoque intercultural y de g\u00e9nero, las trayectorias de atenci\u00f3n de diabetes mellitus tipo 2 en comunidades rurales de Sonora y Sinaloa.<\/div>\n<div class=\"x_elementToProof\" aria-hidden=\"true\"><\/div>\n<div class=\"x_elementToProof\">El financiamiento de estos proyectos por parte de la Secihti constituye un reconocimiento a la intensa y rigurosa labor de investigaci\u00f3n y difusi\u00f3n cient\u00edfica y human\u00edstica de El Colegio de Sonora a trav\u00e9s de la publicaci\u00f3n de sus resultados, lo que adem\u00e1s fortalece su vocaci\u00f3n orientada a la incidencia en la comunidad y la vinculaci\u00f3n con los diversos actores sociales mediante un ejercicio transparente de los recursos p\u00fablicos que se dispersan desde el gobierno federal.<\/div>\n<div><\/div>\n<div class=\"x_elementToProof\">La convocatoria de Investigaci\u00f3n Human\u00edstica 2025 de la Secretar\u00eda de Ciencia, Humanidades, Tecnolog\u00eda e Innovaci\u00f3n tiene la finalidad de &#8220;impulsar agendas de investigaci\u00f3n en diversas \u00e1reas y campos del saber cient\u00edfico con atenci\u00f3n a las humanidades y ciencias sociales, que aborden reflexiones, preguntas, problemas de la sociedad contempor\u00e1nea y del devenir socio cultural e hist\u00f3rico desde diversas visiones humanistas y cr\u00edticas.&#8221;<\/div>\n<div><\/div>\n<div class=\"x_elementToProof\">Si te interesa conocer el trabajo de investigaci\u00f3n que realiza la planta acad\u00e9mica del Colson\u00a0<u><a id=\"OWAaa6e3e75-aba6-4f22-3e99-be48c68761ab\" class=\"x_OWAAutoLink\" title=\"https:\/\/www.colson.edu.mx\/SeccionInvestigacion\/investigacion.aspx\" href=\"https:\/\/www.colson.edu.mx\/SeccionInvestigacion\/investigacion.aspx\" target=\"_blank\" rel=\"noopener noreferrer\" data-auth=\"NotApplicable\">AQU\u00cd<\/a><\/u><\/div>\n<div class=\"x_elementToProof\"><\/div>\n","protected":false},"excerpt":{"rendered":"<p>La comunidad acad\u00e9mica de El Colegio de Sonora result\u00f3 ampliamente beneficiada dentro de la convocatoria de Investigaci\u00f3n Human\u00edstica 2025 de la Secretar\u00eda de Ciencia, Humanidades, Tecnolog\u00eda e Innovaci\u00f3n (Secihti), con la aprobaci\u00f3n de siete proyectos de entre 121 provenientes de diferentes instituciones de todo el pa\u00eds con lo que se coloca a la vanguardia nacional [&hellip;]<\/p>\n","protected":false},"author":2,"featured_media":222146,"comment_status":"closed","ping_status":"closed","sticky":false,"template":"","format":"standard","meta":{"footnotes":""},"categories":[12870,178],"tags":[12865,12869],"class_list":["post-222145","post","type-post","status-publish","format-standard","has-post-thumbnail","hentry","category-destacadas","category-local","tag-destacadas","tag-local"],"jetpack_featured_media_url":"https:\/\/rnoticias.com.mx\/Portal\/wp-content\/uploads\/2025\/06\/logo-colson.jpg","amp_enabled":true,"_links":{"self":[{"href":"https:\/\/rnoticias.com.mx\/Portal\/wp-json\/wp\/v2\/posts\/222145","targetHints":{"allow":["GET"]}}],"collection":[{"href":"https:\/\/rnoticias.com.mx\/Portal\/wp-json\/wp\/v2\/posts"}],"about":[{"href":"https:\/\/rnoticias.com.mx\/Portal\/wp-json\/wp\/v2\/types\/post"}],"author":[{"embeddable":true,"href":"https:\/\/rnoticias.com.mx\/Portal\/wp-json\/wp\/v2\/users\/2"}],"replies":[{"embeddable":true,"href":"https:\/\/rnoticias.com.mx\/Portal\/wp-json\/wp\/v2\/comments?post=222145"}],"version-history":[{"count":1,"href":"https:\/\/rnoticias.com.mx\/Portal\/wp-json\/wp\/v2\/posts\/222145\/revisions"}],"predecessor-version":[{"id":222147,"href":"https:\/\/rnoticias.com.mx\/Portal\/wp-json\/wp\/v2\/posts\/222145\/revisions\/222147"}],"wp:featuredmedia":[{"embeddable":true,"href":"https:\/\/rnoticias.com.mx\/Portal\/wp-json\/wp\/v2\/media\/222146"}],"wp:attachment":[{"href":"https:\/\/rnoticias.com.mx\/Portal\/wp-json\/wp\/v2\/media?parent=222145"}],"wp:term":[{"taxonomy":"category","embeddable":true,"href":"https:\/\/rnoticias.com.mx\/Portal\/wp-json\/wp\/v2\/categories?post=222145"},{"taxonomy":"post_tag","embeddable":true,"href":"https:\/\/rnoticias.com.mx\/Portal\/wp-json\/wp\/v2\/tags?post=222145"}],"curies":[{"name":"wp","href":"https:\/\/api.w.org\/{rel}","templated":true}]}}