{"id":222142,"date":"2025-06-20T17:09:21","date_gmt":"2025-06-21T00:09:21","guid":{"rendered":"https:\/\/rnoticias.com.mx\/Portal\/?p=222142"},"modified":"2025-06-20T17:09:21","modified_gmt":"2025-06-21T00:09:21","slug":"impulsa-gobierno-de-sonora-acciones-para-la-prevencion-de-la-violencia-familiar","status":"publish","type":"post","link":"https:\/\/rnoticias.com.mx\/Portal\/2025\/06\/20\/impulsa-gobierno-de-sonora-acciones-para-la-prevencion-de-la-violencia-familiar\/","title":{"rendered":"Impulsa Gobierno de Sonora acciones para la prevenci\u00f3n de la violencia familiar"},"content":{"rendered":"<p>Hermosillo, Sonora; 20 de junio de 2025.- El Gobierno del Estado de Sonora, a trav\u00e9s de la Secretar\u00eda de Seguridad P\u00fablica (SSP), impulsa acciones como Educando Salva para prevenir la violencia familiar desde los distintos espacios donde se desenvuelve la ciudadan\u00eda.<\/p>\n<p>En la ciudad de Hermosillo, oficiales de la Polic\u00eda Estatal de Seguridad P\u00fablica (PESP), adscritos a la divisi\u00f3n especializada del Sistema de Atenci\u00f3n a la Violencia Familiar y de G\u00e9nero (Salva), visitaron la escuela primaria 15 de Mayo, ubicada en la colonia Miguel Hidalgo, donde informaron al personal docente y alumnado sobre medidas de prevenci\u00f3n y el uso de la l\u00ednea de emergencias 9-1-1 para reportar este delito.<\/p>\n<p>Las y los polic\u00edas estatales compartieron diversos temas preventivos relacionados con la violencia familiar, la identificaci\u00f3n de lugares seguros para mujeres en riesgo o peligro, como las Zonas Salva, el uso de la aplicaci\u00f3n m\u00f3vil Mujeres Seguras y la importancia de proteger a las v\u00edctimas mediante una denuncia oportuna.<\/p>\n","protected":false},"excerpt":{"rendered":"<p>Hermosillo, Sonora; 20 de junio de 2025.- El Gobierno del Estado de Sonora, a trav\u00e9s de la Secretar\u00eda de Seguridad P\u00fablica (SSP), impulsa acciones como Educando Salva para prevenir la violencia familiar desde los distintos espacios donde se desenvuelve la ciudadan\u00eda. En la ciudad de Hermosillo, oficiales de la Polic\u00eda Estatal de Seguridad P\u00fablica (PESP), [&hellip;]<\/p>\n","protected":false},"author":2,"featured_media":222143,"comment_status":"closed","ping_status":"closed","sticky":false,"template":"","format":"standard","meta":{"footnotes":""},"categories":[12870,178],"tags":[12865,12869],"class_list":["post-222142","post","type-post","status-publish","format-standard","has-post-thumbnail","hentry","category-destacadas","category-local","tag-destacadas","tag-local"],"jetpack_featured_media_url":"https:\/\/rnoticias.com.mx\/Portal\/wp-content\/uploads\/2025\/06\/unnamed-2-20.jpg","amp_enabled":true,"_links":{"self":[{"href":"https:\/\/rnoticias.com.mx\/Portal\/wp-json\/wp\/v2\/posts\/222142","targetHints":{"allow":["GET"]}}],"collection":[{"href":"https:\/\/rnoticias.com.mx\/Portal\/wp-json\/wp\/v2\/posts"}],"about":[{"href":"https:\/\/rnoticias.com.mx\/Portal\/wp-json\/wp\/v2\/types\/post"}],"author":[{"embeddable":true,"href":"https:\/\/rnoticias.com.mx\/Portal\/wp-json\/wp\/v2\/users\/2"}],"replies":[{"embeddable":true,"href":"https:\/\/rnoticias.com.mx\/Portal\/wp-json\/wp\/v2\/comments?post=222142"}],"version-history":[{"count":1,"href":"https:\/\/rnoticias.com.mx\/Portal\/wp-json\/wp\/v2\/posts\/222142\/revisions"}],"predecessor-version":[{"id":222144,"href":"https:\/\/rnoticias.com.mx\/Portal\/wp-json\/wp\/v2\/posts\/222142\/revisions\/222144"}],"wp:featuredmedia":[{"embeddable":true,"href":"https:\/\/rnoticias.com.mx\/Portal\/wp-json\/wp\/v2\/media\/222143"}],"wp:attachment":[{"href":"https:\/\/rnoticias.com.mx\/Portal\/wp-json\/wp\/v2\/media?parent=222142"}],"wp:term":[{"taxonomy":"category","embeddable":true,"href":"https:\/\/rnoticias.com.mx\/Portal\/wp-json\/wp\/v2\/categories?post=222142"},{"taxonomy":"post_tag","embeddable":true,"href":"https:\/\/rnoticias.com.mx\/Portal\/wp-json\/wp\/v2\/tags?post=222142"}],"curies":[{"name":"wp","href":"https:\/\/api.w.org\/{rel}","templated":true}]}}