{"id":222130,"date":"2025-06-20T15:56:15","date_gmt":"2025-06-20T22:56:15","guid":{"rendered":"https:\/\/rnoticias.com.mx\/Portal\/?p=222130"},"modified":"2025-06-20T15:56:15","modified_gmt":"2025-06-20T22:56:15","slug":"fortalece-gobierno-de-sonora-crecimiento-profesional-de-estudiantes-de-bachillerato-conalep","status":"publish","type":"post","link":"https:\/\/rnoticias.com.mx\/Portal\/2025\/06\/20\/fortalece-gobierno-de-sonora-crecimiento-profesional-de-estudiantes-de-bachillerato-conalep\/","title":{"rendered":"Fortalece Gobierno de Sonora crecimiento profesional de estudiantes de bachillerato: Conalep"},"content":{"rendered":"<p>Hermosillo, Sonora; 20 de junio de 2025.- Para lograr que las y los alumnos del Colegio de Educaci\u00f3n Profesional T\u00e9cnica del Estado de Sonora (Conalep) alcancen un crecimiento personal y profesional que les permita incorporarse exitosamente al \u00e1mbito laboral, el Gobierno de Sonora impulsa su participaci\u00f3n en el programa dual \u201cAprendizaje en la Empresa\u201d.<\/p>\n<p>Con m\u00e1s de 629 alumnos de los planteles Guaymas y Empalme egresados de dicho programa. que cumple 15 a\u00f1os formando j\u00f3venes estudiantes, recientemente se realiz\u00f3 la graduaci\u00f3n de 12 alumnos como resultado de la colaboraci\u00f3n con Grupo Tetakawi.<\/p>\n<p>La directora general de Conalep Sonora, Luisa Cristina Rodr\u00edguez Ibarra, detall\u00f3 que los alumnos del plantel Guaymas culminaron satisfactoriamente su proceso de capacitaci\u00f3n especializada e integral en distintas tareas laborales asignadas en Maquilas Tetakawi.<\/p>\n<p>Dicho proyecto est\u00e1 basado en el modelo dual alem\u00e1n, que ofrece a los estudiantes formaci\u00f3n te\u00f3rica en las escuelas y pr\u00e1ctica en las empresas, desempe\u00f1ando tareas operativas.<\/p>\n<p>Este programa, creado por la industria maquiladora desde 2010, representa una importante alternativa de formaci\u00f3n de calidad y excelencia, con una mayor certeza de incorporaci\u00f3n al sector productivo.<\/p>\n<p>Jorge Ismael Almada Esparza, egresado de la carrera de Profesional T\u00e9cnico Bachiller en M\u00e1quinas y Herramientas, agradeci\u00f3 a Conalep Sonora y a Grupo Tetakawi por abrir las puertas de la empresa a todos los estudiantes que luchan por su crecimiento personal y profesional, para posteriormente iniciar una etapa productiva y dar lo mejor de s\u00ed.<\/p>\n","protected":false},"excerpt":{"rendered":"<p>Hermosillo, Sonora; 20 de junio de 2025.- Para lograr que las y los alumnos del Colegio de Educaci\u00f3n Profesional T\u00e9cnica del Estado de Sonora (Conalep) alcancen un crecimiento personal y profesional que les permita incorporarse exitosamente al \u00e1mbito laboral, el Gobierno de Sonora impulsa su participaci\u00f3n en el programa dual \u201cAprendizaje en la Empresa\u201d. Con [&hellip;]<\/p>\n","protected":false},"author":2,"featured_media":222131,"comment_status":"closed","ping_status":"closed","sticky":false,"template":"","format":"standard","meta":{"footnotes":""},"categories":[12870,178],"tags":[12865,12869],"class_list":["post-222130","post","type-post","status-publish","format-standard","has-post-thumbnail","hentry","category-destacadas","category-local","tag-destacadas","tag-local"],"jetpack_featured_media_url":"https:\/\/rnoticias.com.mx\/Portal\/wp-content\/uploads\/2025\/06\/unnamed-1-49.jpg","amp_enabled":true,"_links":{"self":[{"href":"https:\/\/rnoticias.com.mx\/Portal\/wp-json\/wp\/v2\/posts\/222130","targetHints":{"allow":["GET"]}}],"collection":[{"href":"https:\/\/rnoticias.com.mx\/Portal\/wp-json\/wp\/v2\/posts"}],"about":[{"href":"https:\/\/rnoticias.com.mx\/Portal\/wp-json\/wp\/v2\/types\/post"}],"author":[{"embeddable":true,"href":"https:\/\/rnoticias.com.mx\/Portal\/wp-json\/wp\/v2\/users\/2"}],"replies":[{"embeddable":true,"href":"https:\/\/rnoticias.com.mx\/Portal\/wp-json\/wp\/v2\/comments?post=222130"}],"version-history":[{"count":1,"href":"https:\/\/rnoticias.com.mx\/Portal\/wp-json\/wp\/v2\/posts\/222130\/revisions"}],"predecessor-version":[{"id":222132,"href":"https:\/\/rnoticias.com.mx\/Portal\/wp-json\/wp\/v2\/posts\/222130\/revisions\/222132"}],"wp:featuredmedia":[{"embeddable":true,"href":"https:\/\/rnoticias.com.mx\/Portal\/wp-json\/wp\/v2\/media\/222131"}],"wp:attachment":[{"href":"https:\/\/rnoticias.com.mx\/Portal\/wp-json\/wp\/v2\/media?parent=222130"}],"wp:term":[{"taxonomy":"category","embeddable":true,"href":"https:\/\/rnoticias.com.mx\/Portal\/wp-json\/wp\/v2\/categories?post=222130"},{"taxonomy":"post_tag","embeddable":true,"href":"https:\/\/rnoticias.com.mx\/Portal\/wp-json\/wp\/v2\/tags?post=222130"}],"curies":[{"name":"wp","href":"https:\/\/api.w.org\/{rel}","templated":true}]}}