{"id":222127,"date":"2025-06-20T15:54:37","date_gmt":"2025-06-20T22:54:37","guid":{"rendered":"https:\/\/rnoticias.com.mx\/Portal\/?p=222127"},"modified":"2025-06-20T15:54:37","modified_gmt":"2025-06-20T22:54:37","slug":"comision-del-congreso-de-sonora-escucha-propuestas-en-favor-de-personas-migrantes-en-nogales","status":"publish","type":"post","link":"https:\/\/rnoticias.com.mx\/Portal\/2025\/06\/20\/comision-del-congreso-de-sonora-escucha-propuestas-en-favor-de-personas-migrantes-en-nogales\/","title":{"rendered":"Comisi\u00f3n del Congreso de Sonora escucha propuestas en favor de personas migrantes en Nogales"},"content":{"rendered":"<p>Nogales, Sonora; 20 de junio de 2025.- Como parte del trabajo legislativo, la Comisi\u00f3n de Asuntos Internacionales, Fronterizos y Atenci\u00f3n a Migrantes del Congreso del Estado llev\u00f3 a cabo, en Nogales, un foro de consulta ciudadana enfocado en iniciativas relacionadas con la protecci\u00f3n y atenci\u00f3n integral a personas migrantes.<\/p>\n<p>El objetivo principal de este ejercicio fue abrir un espacio de di\u00e1logo directo con la sociedad, escuchar propuestas y generar un intercambio de ideas que enriquezca el an\u00e1lisis legislativo. A trav\u00e9s de esta din\u00e1mica, se busca fomentar la participaci\u00f3n ciudadana y garantizar que sean tomadas en cuenta las voces de quienes conocen la realidad migratoria en las regiones fronterizas.<\/p>\n<p>Durante su intervenci\u00f3n, el diputado David Figueroa Ortega (PVEM), presidente de la comisi\u00f3n organizadora, explic\u00f3 que actualmente se encuentran en estudio tres iniciativas que abordan de manera integral la atenci\u00f3n a personas migrantes. Todas ellas, dijo, comparten como eje com\u00fan la necesidad de fortalecer el marco jur\u00eddico estatal para garantizar condiciones m\u00e1s dignas, seguras y humanas para quienes transitan o residen en Sonora.<\/p>\n<p>Por su parte, la diputada Azalia Guevara Espinoza (PVEM) present\u00f3 ante las y los asistentes la iniciativa de Ley para la Protecci\u00f3n de los Derechos Humanos y Atenci\u00f3n a las Personas Migrantes. Se\u00f1al\u00f3 que esta propuesta legislativa tiene como prop\u00f3sito sentar las bases para un marco jur\u00eddico m\u00e1s robusto, promover la coordinaci\u00f3n institucional, impulsar pol\u00edticas p\u00fablicas inclusivas y establecer medidas efectivas para la protecci\u00f3n de los derechos fundamentales de la poblaci\u00f3n migrante.<\/p>\n<p>El foro cont\u00f3 con la participaci\u00f3n de representantes de El Colegio de Sonora, organismos de la sociedad civil, autoridades municipales, instituciones acad\u00e9micas, especialistas en derechos humanos y ciudadan\u00eda interesada. Durante el desarrollo de la jornada, se compartieron experiencias, reflexiones y planteamientos que abonaron a la construcci\u00f3n colectiva de soluciones.<\/p>\n<p>Las y los integrantes de la comisi\u00f3n coincidieron en la relevancia de estos ejercicios de consulta p\u00fablica, los cuales permiten escuchar directamente a quienes enfrentan d\u00eda a d\u00eda los desaf\u00edos que impone la migraci\u00f3n, especialmente en zonas fronterizas como Nogales.<\/p>\n<p>Presentes: Bernardeth Ruiz Romero, subsecretaria de Desarrollo Pol\u00edtico; Hip\u00f3lito Sedano Ruiz, secretario del Ayuntamiento de Nogales; la diputada Alicia Gayt\u00e1n S\u00e1nchez (Morena); y el diputado Julio C\u00e9sar Navarro Contreras (Morena).<\/p>\n","protected":false},"excerpt":{"rendered":"<p>Nogales, Sonora; 20 de junio de 2025.- Como parte del trabajo legislativo, la Comisi\u00f3n de Asuntos Internacionales, Fronterizos y Atenci\u00f3n a Migrantes del Congreso del Estado llev\u00f3 a cabo, en Nogales, un foro de consulta ciudadana enfocado en iniciativas relacionadas con la protecci\u00f3n y atenci\u00f3n integral a personas migrantes. El objetivo principal de este ejercicio [&hellip;]<\/p>\n","protected":false},"author":2,"featured_media":222128,"comment_status":"closed","ping_status":"closed","sticky":false,"template":"","format":"standard","meta":{"footnotes":""},"categories":[12870,12868],"tags":[12865,12879],"class_list":["post-222127","post","type-post","status-publish","format-standard","has-post-thumbnail","hentry","category-destacadas","category-politica","tag-destacadas","tag-politica"],"jetpack_featured_media_url":"https:\/\/rnoticias.com.mx\/Portal\/wp-content\/uploads\/2025\/06\/9aae785e-08de-4177-83c6-2a0bdf7891fa.jpg","amp_enabled":true,"_links":{"self":[{"href":"https:\/\/rnoticias.com.mx\/Portal\/wp-json\/wp\/v2\/posts\/222127","targetHints":{"allow":["GET"]}}],"collection":[{"href":"https:\/\/rnoticias.com.mx\/Portal\/wp-json\/wp\/v2\/posts"}],"about":[{"href":"https:\/\/rnoticias.com.mx\/Portal\/wp-json\/wp\/v2\/types\/post"}],"author":[{"embeddable":true,"href":"https:\/\/rnoticias.com.mx\/Portal\/wp-json\/wp\/v2\/users\/2"}],"replies":[{"embeddable":true,"href":"https:\/\/rnoticias.com.mx\/Portal\/wp-json\/wp\/v2\/comments?post=222127"}],"version-history":[{"count":1,"href":"https:\/\/rnoticias.com.mx\/Portal\/wp-json\/wp\/v2\/posts\/222127\/revisions"}],"predecessor-version":[{"id":222129,"href":"https:\/\/rnoticias.com.mx\/Portal\/wp-json\/wp\/v2\/posts\/222127\/revisions\/222129"}],"wp:featuredmedia":[{"embeddable":true,"href":"https:\/\/rnoticias.com.mx\/Portal\/wp-json\/wp\/v2\/media\/222128"}],"wp:attachment":[{"href":"https:\/\/rnoticias.com.mx\/Portal\/wp-json\/wp\/v2\/media?parent=222127"}],"wp:term":[{"taxonomy":"category","embeddable":true,"href":"https:\/\/rnoticias.com.mx\/Portal\/wp-json\/wp\/v2\/categories?post=222127"},{"taxonomy":"post_tag","embeddable":true,"href":"https:\/\/rnoticias.com.mx\/Portal\/wp-json\/wp\/v2\/tags?post=222127"}],"curies":[{"name":"wp","href":"https:\/\/api.w.org\/{rel}","templated":true}]}}