{"id":222124,"date":"2025-06-20T15:53:51","date_gmt":"2025-06-20T22:53:51","guid":{"rendered":"https:\/\/rnoticias.com.mx\/Portal\/?p=222124"},"modified":"2025-06-20T15:53:51","modified_gmt":"2025-06-20T22:53:51","slug":"celebran-en-sonora-historico-encuentro-nacional-por-el-agua-convocado-por-omar-del-valle-colosio","status":"publish","type":"post","link":"https:\/\/rnoticias.com.mx\/Portal\/2025\/06\/20\/celebran-en-sonora-historico-encuentro-nacional-por-el-agua-convocado-por-omar-del-valle-colosio\/","title":{"rendered":"Celebran en Sonora hist\u00f3rico Encuentro Nacional por el Agua, convocado por Omar Del Valle Colosio"},"content":{"rendered":"<p>Guaymas, Sonora; 20 de junio de 2025.\u2013 San Carlos fue sede del Primer Encuentro de Presidentas y Presidentes de Comisiones de Asuntos H\u00eddricos de los Congresos Locales, un evento nacional que reuni\u00f3 a legisladoras y legisladores de distintos estados del pa\u00eds para reflexionar sobre retos en materia h\u00eddrica y construir soluciones desde lo legislativo.<\/p>\n<p>La convocatoria fue realizada por el diputado Omar Del Valle Colosio, presidente de la Comisi\u00f3n del Agua del Congreso de Sonora, con el objetivo de impulsar una agenda legislativa com\u00fan enfocada en el cuidado, uso eficiente y distribuci\u00f3n equitativa del agua, como un derecho fundamental para todas y todos los mexicanos.<\/p>\n<p>\u201cPor primera vez, presidentas y presidentes de las comisiones de asuntos h\u00eddricos en los congresos locales de M\u00e9xico nos reunimos con un objetivo claro: asumir el reto del agua como una responsabilidad compartida, urgente y prioritaria. En Sonora, bajo el liderazgo del gobernador Alfonso Durazo, y a nivel nacional, con la visi\u00f3n de la presidenta Claudia Sheinbaum, el tema del agua se ha colocado en el centro del desarrollo\u201d coment\u00f3 Del Valle Colosio.<\/p>\n<p>En el encuentro participaron representantes de los congresos estatales de Baja California, Baja California Sur, Colima, Guerrero, Jalisco, Estado de M\u00e9xico, Oaxaca, Puebla, San Luis Potos\u00ed y Sinaloa, quienes compartieron experiencias, buenas pr\u00e1cticas y propuestas legislativas en materia h\u00eddrica.<\/p>\n<p>Este esfuerzo sent\u00f3 las bases para consolidar una red interinstitucional entre congresos locales, que permitir\u00e1 dar respuestas coordinadas y sostenibles a los desaf\u00edos del agua en el pa\u00eds, promoviendo una visi\u00f3n de transformaci\u00f3n, corresponsabilidad y futuro para las pr\u00f3ximas generaciones.<\/p>\n<p>El evento cont\u00f3 con la presencia de Christian Borja Vega, economista senior de la Unidad Global del \u00e1rea de agua del Banco Mundial; Carlos Andr\u00e9s Puente, director de Agua, Energ\u00eda y Medio Ambiente en Banobras; Viridiana Zamora Plasencia, oficial nacional de Agua, Saneamiento e Higiene de Unicef M\u00e9xico; Rodolfo Castro Vald\u00e9s, director general del Organismo de Cuenca Noroeste de la Conagua; Fernando Gonz\u00e1lez Ca\u00f1ez, director general de FG Consultores y miembro de la International Water Association; as\u00ed como servidores p\u00fablicos federales, locales, representantes de instituciones educativas, diputadas y diputados miembros de la Comisi\u00f3n del Agua y de la 64 Legislatura del Congreso de Sonora.<\/p>\n","protected":false},"excerpt":{"rendered":"<p>Guaymas, Sonora; 20 de junio de 2025.\u2013 San Carlos fue sede del Primer Encuentro de Presidentas y Presidentes de Comisiones de Asuntos H\u00eddricos de los Congresos Locales, un evento nacional que reuni\u00f3 a legisladoras y legisladores de distintos estados del pa\u00eds para reflexionar sobre retos en materia h\u00eddrica y construir soluciones desde lo legislativo. La [&hellip;]<\/p>\n","protected":false},"author":2,"featured_media":222125,"comment_status":"closed","ping_status":"closed","sticky":false,"template":"","format":"standard","meta":{"footnotes":""},"categories":[12870,12868],"tags":[12865,12879],"class_list":["post-222124","post","type-post","status-publish","format-standard","has-post-thumbnail","hentry","category-destacadas","category-politica","tag-destacadas","tag-politica"],"jetpack_featured_media_url":"https:\/\/rnoticias.com.mx\/Portal\/wp-content\/uploads\/2025\/06\/bc742f41-1748-498e-a6cc-25fa0958106b.jpg","amp_enabled":true,"_links":{"self":[{"href":"https:\/\/rnoticias.com.mx\/Portal\/wp-json\/wp\/v2\/posts\/222124","targetHints":{"allow":["GET"]}}],"collection":[{"href":"https:\/\/rnoticias.com.mx\/Portal\/wp-json\/wp\/v2\/posts"}],"about":[{"href":"https:\/\/rnoticias.com.mx\/Portal\/wp-json\/wp\/v2\/types\/post"}],"author":[{"embeddable":true,"href":"https:\/\/rnoticias.com.mx\/Portal\/wp-json\/wp\/v2\/users\/2"}],"replies":[{"embeddable":true,"href":"https:\/\/rnoticias.com.mx\/Portal\/wp-json\/wp\/v2\/comments?post=222124"}],"version-history":[{"count":1,"href":"https:\/\/rnoticias.com.mx\/Portal\/wp-json\/wp\/v2\/posts\/222124\/revisions"}],"predecessor-version":[{"id":222126,"href":"https:\/\/rnoticias.com.mx\/Portal\/wp-json\/wp\/v2\/posts\/222124\/revisions\/222126"}],"wp:featuredmedia":[{"embeddable":true,"href":"https:\/\/rnoticias.com.mx\/Portal\/wp-json\/wp\/v2\/media\/222125"}],"wp:attachment":[{"href":"https:\/\/rnoticias.com.mx\/Portal\/wp-json\/wp\/v2\/media?parent=222124"}],"wp:term":[{"taxonomy":"category","embeddable":true,"href":"https:\/\/rnoticias.com.mx\/Portal\/wp-json\/wp\/v2\/categories?post=222124"},{"taxonomy":"post_tag","embeddable":true,"href":"https:\/\/rnoticias.com.mx\/Portal\/wp-json\/wp\/v2\/tags?post=222124"}],"curies":[{"name":"wp","href":"https:\/\/api.w.org\/{rel}","templated":true}]}}