{"id":222118,"date":"2025-06-20T15:40:48","date_gmt":"2025-06-20T22:40:48","guid":{"rendered":"https:\/\/rnoticias.com.mx\/Portal\/?p=222118"},"modified":"2025-06-20T15:40:48","modified_gmt":"2025-06-20T22:40:48","slug":"captura-amic-a-presunto-traficante-en-caborca","status":"publish","type":"post","link":"https:\/\/rnoticias.com.mx\/Portal\/2025\/06\/20\/captura-amic-a-presunto-traficante-en-caborca\/","title":{"rendered":"Captura AMIC a presunto traficante en Caborca"},"content":{"rendered":"<p>Caborca, Sonora, 20 de junio de 2025.- La Fiscal\u00eda General de Justicia del Estado de Sonora (FGJES), a trav\u00e9s de la Agencia Ministerial de Investigaci\u00f3n Criminal (AMIC), llev\u00f3 a cabo una detenci\u00f3n en flagrancia en el marco de un operativo conjunto con personal de la Secretar\u00eda de Marina Armada de M\u00e9xico (SEMAR), en la ciudad de Caborca, Sonora.<\/p>\n<p>El hecho ocurri\u00f3 en la calle Cuarta, cuando los agentes detectaron y abordaron una camioneta marca Nissan tripulada por Erick Leobardo \u201cN\u201d de 23 a\u00f1os de edad, originario de Lynwood, California, Estados Unidos.<\/p>\n<p>Durante la inspecci\u00f3n, se localiz\u00f3 en su poder una bolsa conteniendo 74 envoltorios peque\u00f1os con sustancia blanca granulada, cuya toxicolog\u00eda preliminar indica caracter\u00edsticas compatibles con coca\u00edna, con un peso aproximado de 29.76 gramos.<\/p>\n<p>El imputado, los indicios y el veh\u00edculo fueron puestos inmediatamente a disposici\u00f3n del Ministerio P\u00fablico correspondiente para continuar con las investigaciones y procesos periciales pertinentes para acreditar la naturaleza del narc\u00f3tico.<\/p>\n<p>Este resultado refrenda el compromiso de la FGJES con la lucha frontal contra el narcotr\u00e1fico y el fortalecimiento de la seguridad p\u00fablica mediante acciones coordinadas entre instituciones estatales y federales.<\/p>\n","protected":false},"excerpt":{"rendered":"<p>Caborca, Sonora, 20 de junio de 2025.- La Fiscal\u00eda General de Justicia del Estado de Sonora (FGJES), a trav\u00e9s de la Agencia Ministerial de Investigaci\u00f3n Criminal (AMIC), llev\u00f3 a cabo una detenci\u00f3n en flagrancia en el marco de un operativo conjunto con personal de la Secretar\u00eda de Marina Armada de M\u00e9xico (SEMAR), en la ciudad [&hellip;]<\/p>\n","protected":false},"author":2,"featured_media":222119,"comment_status":"closed","ping_status":"closed","sticky":false,"template":"","format":"standard","meta":{"footnotes":""},"categories":[174],"tags":[12873],"class_list":["post-222118","post","type-post","status-publish","format-standard","has-post-thumbnail","hentry","category-estatal","tag-estatal"],"jetpack_featured_media_url":"https:\/\/rnoticias.com.mx\/Portal\/wp-content\/uploads\/2025\/06\/ca78c2f4-66b4-4182-9cee-b1cc30ad6100.jpg","amp_enabled":true,"_links":{"self":[{"href":"https:\/\/rnoticias.com.mx\/Portal\/wp-json\/wp\/v2\/posts\/222118","targetHints":{"allow":["GET"]}}],"collection":[{"href":"https:\/\/rnoticias.com.mx\/Portal\/wp-json\/wp\/v2\/posts"}],"about":[{"href":"https:\/\/rnoticias.com.mx\/Portal\/wp-json\/wp\/v2\/types\/post"}],"author":[{"embeddable":true,"href":"https:\/\/rnoticias.com.mx\/Portal\/wp-json\/wp\/v2\/users\/2"}],"replies":[{"embeddable":true,"href":"https:\/\/rnoticias.com.mx\/Portal\/wp-json\/wp\/v2\/comments?post=222118"}],"version-history":[{"count":1,"href":"https:\/\/rnoticias.com.mx\/Portal\/wp-json\/wp\/v2\/posts\/222118\/revisions"}],"predecessor-version":[{"id":222120,"href":"https:\/\/rnoticias.com.mx\/Portal\/wp-json\/wp\/v2\/posts\/222118\/revisions\/222120"}],"wp:featuredmedia":[{"embeddable":true,"href":"https:\/\/rnoticias.com.mx\/Portal\/wp-json\/wp\/v2\/media\/222119"}],"wp:attachment":[{"href":"https:\/\/rnoticias.com.mx\/Portal\/wp-json\/wp\/v2\/media?parent=222118"}],"wp:term":[{"taxonomy":"category","embeddable":true,"href":"https:\/\/rnoticias.com.mx\/Portal\/wp-json\/wp\/v2\/categories?post=222118"},{"taxonomy":"post_tag","embeddable":true,"href":"https:\/\/rnoticias.com.mx\/Portal\/wp-json\/wp\/v2\/tags?post=222118"}],"curies":[{"name":"wp","href":"https:\/\/api.w.org\/{rel}","templated":true}]}}