{"id":222115,"date":"2025-06-20T15:39:57","date_gmt":"2025-06-20T22:39:57","guid":{"rendered":"https:\/\/rnoticias.com.mx\/Portal\/?p=222115"},"modified":"2025-06-20T15:39:57","modified_gmt":"2025-06-20T22:39:57","slug":"captura-amic-a-sujeto-acusado-de-robo-con-violencia-en-ures","status":"publish","type":"post","link":"https:\/\/rnoticias.com.mx\/Portal\/2025\/06\/20\/captura-amic-a-sujeto-acusado-de-robo-con-violencia-en-ures\/","title":{"rendered":"Captura AMIC a sujeto acusado de robo con violencia en Ures"},"content":{"rendered":"<p>Ures, Sonora, 20 de junio de 2025.- Elementos de la Agencia Ministerial de Investigaci\u00f3n Criminal (AMIC) cumplimentaron orden de aprehensi\u00f3n en contra de Blas Adalberto \u201cN\u201d, de 57 a\u00f1os, por su probable responsabilidad en el delito de robo con violencia en las cosas, cometido por dos o m\u00e1s personas en perjuicio de una persona mayor de 60 a\u00f1os, en Ures.<\/p>\n<p>La detenci\u00f3n se realiz\u00f3 el pasado 14 de junio, alrededor de las 11:30 horas, en el \u00e1rea com\u00fan del predio Satebuche, ubicado a 15 kil\u00f3metros al sur de la comunidad de Pueblo de \u00c1lamos, municipio de Ures.<\/p>\n<p>Las investigaciones establecieron que, el pasado 3 de junio, el imputado, en compa\u00f1\u00eda de otro sujeto, ingres\u00f3 al predio propiedad de la v\u00edctima, Francisco \u201cN\u201d y sustrajo postes met\u00e1licos y alambre de p\u00faas, ocasionando un perjuicio patrimonial directo.<\/p>\n<p>Tras su detenci\u00f3n, Blas Adalberto \u201cN\u201d fue internado en el Centro de Reinserci\u00f3n Social (CERESO) n\u00famero 1 de Hermosillo, quedando a disposici\u00f3n del Juez que lo requiere, a fin de continuar con el proceso penal correspondiente.<\/p>\n<p>La Fiscal\u00eda General de Justicia del Estado de Sonora, a trav\u00e9s de AMIC, refrenda su compromiso con la protecci\u00f3n de los derechos de las personas adultas mayores, sancionando con firmeza cualquier conducta que vulnere su patrimonio o integridad.<\/p>\n","protected":false},"excerpt":{"rendered":"<p>Ures, Sonora, 20 de junio de 2025.- Elementos de la Agencia Ministerial de Investigaci\u00f3n Criminal (AMIC) cumplimentaron orden de aprehensi\u00f3n en contra de Blas Adalberto \u201cN\u201d, de 57 a\u00f1os, por su probable responsabilidad en el delito de robo con violencia en las cosas, cometido por dos o m\u00e1s personas en perjuicio de una persona mayor [&hellip;]<\/p>\n","protected":false},"author":2,"featured_media":222116,"comment_status":"closed","ping_status":"closed","sticky":false,"template":"","format":"standard","meta":{"footnotes":""},"categories":[12870,174],"tags":[12865,12873],"class_list":["post-222115","post","type-post","status-publish","format-standard","has-post-thumbnail","hentry","category-destacadas","category-estatal","tag-destacadas","tag-estatal"],"jetpack_featured_media_url":"https:\/\/rnoticias.com.mx\/Portal\/wp-content\/uploads\/2025\/06\/c78dfb80-c7b8-4cef-929b-5dc68275de26.jpg","amp_enabled":true,"_links":{"self":[{"href":"https:\/\/rnoticias.com.mx\/Portal\/wp-json\/wp\/v2\/posts\/222115","targetHints":{"allow":["GET"]}}],"collection":[{"href":"https:\/\/rnoticias.com.mx\/Portal\/wp-json\/wp\/v2\/posts"}],"about":[{"href":"https:\/\/rnoticias.com.mx\/Portal\/wp-json\/wp\/v2\/types\/post"}],"author":[{"embeddable":true,"href":"https:\/\/rnoticias.com.mx\/Portal\/wp-json\/wp\/v2\/users\/2"}],"replies":[{"embeddable":true,"href":"https:\/\/rnoticias.com.mx\/Portal\/wp-json\/wp\/v2\/comments?post=222115"}],"version-history":[{"count":1,"href":"https:\/\/rnoticias.com.mx\/Portal\/wp-json\/wp\/v2\/posts\/222115\/revisions"}],"predecessor-version":[{"id":222117,"href":"https:\/\/rnoticias.com.mx\/Portal\/wp-json\/wp\/v2\/posts\/222115\/revisions\/222117"}],"wp:featuredmedia":[{"embeddable":true,"href":"https:\/\/rnoticias.com.mx\/Portal\/wp-json\/wp\/v2\/media\/222116"}],"wp:attachment":[{"href":"https:\/\/rnoticias.com.mx\/Portal\/wp-json\/wp\/v2\/media?parent=222115"}],"wp:term":[{"taxonomy":"category","embeddable":true,"href":"https:\/\/rnoticias.com.mx\/Portal\/wp-json\/wp\/v2\/categories?post=222115"},{"taxonomy":"post_tag","embeddable":true,"href":"https:\/\/rnoticias.com.mx\/Portal\/wp-json\/wp\/v2\/tags?post=222115"}],"curies":[{"name":"wp","href":"https:\/\/api.w.org\/{rel}","templated":true}]}}