{"id":222091,"date":"2025-06-20T12:37:36","date_gmt":"2025-06-20T19:37:36","guid":{"rendered":"https:\/\/rnoticias.com.mx\/Portal\/?p=222091"},"modified":"2025-06-20T12:37:36","modified_gmt":"2025-06-20T19:37:36","slug":"muneca-annabelle-bajo-llave-la-acusan-de-incendio-y-fuga-en-nueva-orleans","status":"publish","type":"post","link":"https:\/\/rnoticias.com.mx\/Portal\/2025\/06\/20\/muneca-annabelle-bajo-llave-la-acusan-de-incendio-y-fuga-en-nueva-orleans\/","title":{"rendered":"Mu\u00f1eca Annabelle, bajo llave: la acusan de incendio y fuga en Nueva Orleans"},"content":{"rendered":"<p>La famosa mu\u00f1eca \u201c<strong>Annabelle<\/strong>\u201d,\u00a0<a href=\"https:\/\/www.unotv.com\/internacional\/annabelle-era-real-aqui-te-contamos-la-historia\/\" target=\"_blank\" rel=\"noreferrer noopener\">conocida por inspirar la saga de terror \u201cThe Conjuring\u201d (El Conjuro, en espa\u00f1ol)<\/a>, fue se\u00f1alada por internautas como la causa de un incendio y una fuga carcelaria en\u00a0<strong>Nueva Orleans<\/strong>, durante su visita a la ciudad los d\u00edas 13 y 14 de mayo. Sin embargo, su due\u00f1o asegur\u00f3 que\u00a0<strong>nunca estuvo fuera de control<\/strong>\u00a0y que actualmente ya se encuentra segura en su museo de\u00a0<strong>Connecticut<\/strong>, seg\u00fan confirm\u00f3 a\u00a0<strong><em>New York Post<\/em><\/strong><\/p>\n<p>La visita de la mu\u00f1eca al sur de Estados Unidos coincidi\u00f3 con dos hechos perturbadores: el incendio que consumi\u00f3 la hist\u00f3rica\u00a0<strong>Plantaci\u00f3n Nottoway<\/strong>\u00a0el 15 de mayo y la fuga de\u00a0<strong>10 reclusos<\/strong>\u00a0del Centro de Justicia de Orleans al d\u00eda siguiente. Estas coincidencias encendieron teor\u00edas conspirativas en redes sociales, donde algunos usuarios aseguraban que mover a\u00a0<strong>Annabelle<\/strong>\u00a0fue un error.<\/p>\n<h2 id=\"h-regresa-annabelle-al-museo-warren-dueno-aclara-rumores\" class=\"wp-block-heading\">Regresa Annabelle al museo Warren; due\u00f1o aclara rumores<\/h2>\n<p>Tony Spera, yerno de los c\u00e9lebres investigadores paranormales Ed y Lorraine Warren y actual custodio de\u00a0<strong>Annabelle<\/strong>, aclar\u00f3 al\u00a0<strong><a href=\"https:\/\/nypost.com\/2025\/06\/01\/us-news\/demonic-annabelle-doll-safely-back-in-custody-after-claims-it-escaped-caused-havoc-in-nola\/\" target=\"_blank\" rel=\"noreferrer noopener\"><em>New York Post<\/em><\/a><\/strong>\u00a0que la mu\u00f1eca \u201c<strong>nunca sali\u00f3 de nuestro control<\/strong>\u201d y que durante toda la gira fue manejada con\u00a0<strong>estrictas medidas de protecci\u00f3n<\/strong>, incluyendo acompa\u00f1amiento de un sacerdote cat\u00f3lico. Adem\u00e1s, explic\u00f3 que tanto la mu\u00f1eca como su vitrina fueron bendecidas antes, durante y despu\u00e9s del recorrido.<\/p>\n<div class=\"code-block code-block-1\"><\/div>\n<p>La mu\u00f1eca original, que en realidad es una\u00a0<strong>Raggedy Ann<\/strong>, fue llevada por unos d\u00edas a eventos organizados por\u00a0<strong>Ghost City Tours<\/strong>, empresa que tambi\u00e9n fue blanco de cr\u00edticas en Facebook. Algunos usuarios los acusaron directamente de provocar \u201cfuerzas oscuras\u201d. Tim Nealon, fundador del tour, dijo a\u00a0<em>USA Today<\/em>\u00a0que al principio crey\u00f3 que los rumores eran s\u00f3lo bromas de internet, pero luego not\u00f3 que muchas personas \u201c<strong>realmente creen que la mu\u00f1eca tiene poder<\/strong>\u201d.<\/p>\n<div class=\"code-block code-block-2\">\n<div class=\"truvidPos\"><\/div>\n<\/div>\n<h2 class=\"wp-block-heading\">Origen y protecci\u00f3n de la mu\u00f1eca Annabelle<\/h2>\n<p>Spera explic\u00f3 que en cada traslado se utiliza\u00a0<strong>agua bendita<\/strong>,\u00a0<strong>aceite sagrado<\/strong>\u00a0y s\u00edmbolos religiosos, como\u00a0<strong>cruces talladas en la caja<\/strong>, para asegurar que nada fuera de lo com\u00fan ocurra. La mu\u00f1eca fue devuelta al\u00a0<strong>Museo Oculto Warren<\/strong>, que permanece cerrado al p\u00fablico. Pese a los mitos, Spera insisti\u00f3 en que Annabelle no tiene relaci\u00f3n alguna con los hechos en Nueva Orleans.<\/p>\n","protected":false},"excerpt":{"rendered":"<p>La famosa mu\u00f1eca \u201cAnnabelle\u201d,\u00a0conocida por inspirar la saga de terror \u201cThe Conjuring\u201d (El Conjuro, en espa\u00f1ol), fue se\u00f1alada por internautas como la causa de un incendio y una fuga carcelaria en\u00a0Nueva Orleans, durante su visita a la ciudad los d\u00edas 13 y 14 de mayo. Sin embargo, su due\u00f1o asegur\u00f3 que\u00a0nunca estuvo fuera de control\u00a0y [&hellip;]<\/p>\n","protected":false},"author":2,"featured_media":222092,"comment_status":"closed","ping_status":"closed","sticky":false,"template":"","format":"standard","meta":{"footnotes":""},"categories":[336,12870],"tags":[12878,12865],"class_list":["post-222091","post","type-post","status-publish","format-standard","has-post-thumbnail","hentry","category-curiosidades","category-destacadas","tag-curiosidades","tag-destacadas"],"jetpack_featured_media_url":"https:\/\/rnoticias.com.mx\/Portal\/wp-content\/uploads\/2025\/06\/annabelle-hero_1050_591_81_s_c11.jpg","amp_enabled":true,"_links":{"self":[{"href":"https:\/\/rnoticias.com.mx\/Portal\/wp-json\/wp\/v2\/posts\/222091","targetHints":{"allow":["GET"]}}],"collection":[{"href":"https:\/\/rnoticias.com.mx\/Portal\/wp-json\/wp\/v2\/posts"}],"about":[{"href":"https:\/\/rnoticias.com.mx\/Portal\/wp-json\/wp\/v2\/types\/post"}],"author":[{"embeddable":true,"href":"https:\/\/rnoticias.com.mx\/Portal\/wp-json\/wp\/v2\/users\/2"}],"replies":[{"embeddable":true,"href":"https:\/\/rnoticias.com.mx\/Portal\/wp-json\/wp\/v2\/comments?post=222091"}],"version-history":[{"count":1,"href":"https:\/\/rnoticias.com.mx\/Portal\/wp-json\/wp\/v2\/posts\/222091\/revisions"}],"predecessor-version":[{"id":222093,"href":"https:\/\/rnoticias.com.mx\/Portal\/wp-json\/wp\/v2\/posts\/222091\/revisions\/222093"}],"wp:featuredmedia":[{"embeddable":true,"href":"https:\/\/rnoticias.com.mx\/Portal\/wp-json\/wp\/v2\/media\/222092"}],"wp:attachment":[{"href":"https:\/\/rnoticias.com.mx\/Portal\/wp-json\/wp\/v2\/media?parent=222091"}],"wp:term":[{"taxonomy":"category","embeddable":true,"href":"https:\/\/rnoticias.com.mx\/Portal\/wp-json\/wp\/v2\/categories?post=222091"},{"taxonomy":"post_tag","embeddable":true,"href":"https:\/\/rnoticias.com.mx\/Portal\/wp-json\/wp\/v2\/tags?post=222091"}],"curies":[{"name":"wp","href":"https:\/\/api.w.org\/{rel}","templated":true}]}}