{"id":222085,"date":"2025-06-20T12:31:33","date_gmt":"2025-06-20T19:31:33","guid":{"rendered":"https:\/\/rnoticias.com.mx\/Portal\/?p=222085"},"modified":"2025-06-20T12:31:33","modified_gmt":"2025-06-20T19:31:33","slug":"gobierno-de-sonora-fomenta-la-profesionalizacion-continua-del-personal-academico-y-administrativo-utetchojoa","status":"publish","type":"post","link":"https:\/\/rnoticias.com.mx\/Portal\/2025\/06\/20\/gobierno-de-sonora-fomenta-la-profesionalizacion-continua-del-personal-academico-y-administrativo-utetchojoa\/","title":{"rendered":"Gobierno de Sonora fomenta la profesionalizaci\u00f3n continua del personal acad\u00e9mico y administrativo: UTEtchojoa"},"content":{"rendered":"<p>Etchojoa, Sonora; 20 de junio de 2025.- Con el objetivo de fortalecer la calidad educativa a trav\u00e9s de la formaci\u00f3n continua del personal acad\u00e9mico y administrativo, la Universidad Tecnol\u00f3gica de Etchojoa (UTE) trabajar\u00e1 en coordinaci\u00f3n con el Instituto Sonorense de Administraci\u00f3n P\u00fablica (ISAP).<\/p>\n<p>El rector de la UTE, Jos\u00e9 F\u00e9lix G\u00f3mez Anduro, firm\u00f3 un convenio de colaboraci\u00f3n con el presidente del Consejo Directivo del ISAP, Rafael Valenzuela Mendoza, que permitir\u00e1 que colaboradores de la universidad accedan a programas de posgrado, como maestr\u00edas y doctorados, impulsando su desarrollo profesional con el respaldo acad\u00e9mico del ISAP.<\/p>\n<p>Este convenio representa una gran oportunidad para que el personal institucional contin\u00fae su preparaci\u00f3n acad\u00e9mica, lo cual se traducir\u00e1 en una mejora directa en la calidad educativa de la universidad, en beneficio de los estudiantes.<\/p>\n<p>Por su parte, Valenzuela Mendoza reiter\u00f3 el compromiso del ISAP con la profesionalizaci\u00f3n del sector p\u00fablico y educativo, asegurando que seguir\u00e1n brindando est\u00edmulos, becas y facilidades para que m\u00e1s personas culminen estudios de posgrado.<\/p>\n<p>El acuerdo forma parte del compromiso del Gobierno de Sonora de reforzar lazos de colaboraci\u00f3n interinstitucional y generar nuevas oportunidades para el desarrollo acad\u00e9mico y la transformaci\u00f3n del sur de la entidad.<\/p>\n","protected":false},"excerpt":{"rendered":"<p>Etchojoa, Sonora; 20 de junio de 2025.- Con el objetivo de fortalecer la calidad educativa a trav\u00e9s de la formaci\u00f3n continua del personal acad\u00e9mico y administrativo, la Universidad Tecnol\u00f3gica de Etchojoa (UTE) trabajar\u00e1 en coordinaci\u00f3n con el Instituto Sonorense de Administraci\u00f3n P\u00fablica (ISAP). El rector de la UTE, Jos\u00e9 F\u00e9lix G\u00f3mez Anduro, firm\u00f3 un convenio [&hellip;]<\/p>\n","protected":false},"author":2,"featured_media":222086,"comment_status":"closed","ping_status":"closed","sticky":false,"template":"","format":"standard","meta":{"footnotes":""},"categories":[12870,174],"tags":[12865,12873],"class_list":["post-222085","post","type-post","status-publish","format-standard","has-post-thumbnail","hentry","category-destacadas","category-estatal","tag-destacadas","tag-estatal"],"jetpack_featured_media_url":"https:\/\/rnoticias.com.mx\/Portal\/wp-content\/uploads\/2025\/06\/unnamed-87.jpg","amp_enabled":true,"_links":{"self":[{"href":"https:\/\/rnoticias.com.mx\/Portal\/wp-json\/wp\/v2\/posts\/222085","targetHints":{"allow":["GET"]}}],"collection":[{"href":"https:\/\/rnoticias.com.mx\/Portal\/wp-json\/wp\/v2\/posts"}],"about":[{"href":"https:\/\/rnoticias.com.mx\/Portal\/wp-json\/wp\/v2\/types\/post"}],"author":[{"embeddable":true,"href":"https:\/\/rnoticias.com.mx\/Portal\/wp-json\/wp\/v2\/users\/2"}],"replies":[{"embeddable":true,"href":"https:\/\/rnoticias.com.mx\/Portal\/wp-json\/wp\/v2\/comments?post=222085"}],"version-history":[{"count":1,"href":"https:\/\/rnoticias.com.mx\/Portal\/wp-json\/wp\/v2\/posts\/222085\/revisions"}],"predecessor-version":[{"id":222087,"href":"https:\/\/rnoticias.com.mx\/Portal\/wp-json\/wp\/v2\/posts\/222085\/revisions\/222087"}],"wp:featuredmedia":[{"embeddable":true,"href":"https:\/\/rnoticias.com.mx\/Portal\/wp-json\/wp\/v2\/media\/222086"}],"wp:attachment":[{"href":"https:\/\/rnoticias.com.mx\/Portal\/wp-json\/wp\/v2\/media?parent=222085"}],"wp:term":[{"taxonomy":"category","embeddable":true,"href":"https:\/\/rnoticias.com.mx\/Portal\/wp-json\/wp\/v2\/categories?post=222085"},{"taxonomy":"post_tag","embeddable":true,"href":"https:\/\/rnoticias.com.mx\/Portal\/wp-json\/wp\/v2\/tags?post=222085"}],"curies":[{"name":"wp","href":"https:\/\/api.w.org\/{rel}","templated":true}]}}