{"id":222070,"date":"2025-06-20T11:40:03","date_gmt":"2025-06-20T18:40:03","guid":{"rendered":"https:\/\/rnoticias.com.mx\/Portal\/?p=222070"},"modified":"2025-06-20T11:40:03","modified_gmt":"2025-06-20T18:40:03","slug":"sheinbaum-reporta-detencion-de-222-mexicanos-en-redadas-de-eu","status":"publish","type":"post","link":"https:\/\/rnoticias.com.mx\/Portal\/2025\/06\/20\/sheinbaum-reporta-detencion-de-222-mexicanos-en-redadas-de-eu\/","title":{"rendered":"Sheinbaum reporta detenci\u00f3n de 222 mexicanos en redadas de EU"},"content":{"rendered":"<p>Ante las protestas y redadas en distintas ciudades de<strong>\u00a0Estados Unidos,<\/strong>\u00a0la presidenta Claudia Sheinbaum Pardo inform\u00f3 que desde el inicio de estos hechos se han detenido a 222 personas mexicanas.<\/p>\n<p>En su conferencia ma\u00f1anera de este viernes\u00a0<strong>20 de junio<\/strong>\u00a0en Palacio Nacional, Sheinbaum Pardo asegur\u00f3 que\u00a0<strong><em>\u201cse ha fortalecido el sistema de apoyo a los connacionales en los consulados\u201d.<\/em><\/strong><\/p>\n<p>\u201c<strong><em>Tanto la informaci\u00f3n, qu\u00e9 es lo que se debe hacer, como todos los mecanismos que nos ayudan a ayudar a todos los connacionales que est\u00e1n, no solo en California, sino en otros lugares de Estados Unidos\u201d,<\/em><\/strong>\u00a0dijo la presidenta.<\/p>\n<p>Reiter\u00f3 el apoyo consular a todas las personas detenidas mexicanas y el funcionamiento el programa M\u00e9xico te Abraza, para ayudar a quienes retornan a M\u00e9xico.<\/p>\n<p>Sobre el conflicto<strong>\u00a0Israel-Ir\u00e1n<\/strong>, la mandataria federal indic\u00f3 que regres\u00f3 de Medio Oriente un grupo de connacionales que suman 136.<\/p>\n<p>&nbsp;<\/p>\n<p>El Universal<\/p>\n","protected":false},"excerpt":{"rendered":"<p>Ante las protestas y redadas en distintas ciudades de\u00a0Estados Unidos,\u00a0la presidenta Claudia Sheinbaum Pardo inform\u00f3 que desde el inicio de estos hechos se han detenido a 222 personas mexicanas. En su conferencia ma\u00f1anera de este viernes\u00a020 de junio\u00a0en Palacio Nacional, Sheinbaum Pardo asegur\u00f3 que\u00a0\u201cse ha fortalecido el sistema de apoyo a los connacionales en los [&hellip;]<\/p>\n","protected":false},"author":2,"featured_media":222071,"comment_status":"closed","ping_status":"closed","sticky":false,"template":"","format":"standard","meta":{"footnotes":""},"categories":[12870,172],"tags":[12865,12874],"class_list":["post-222070","post","type-post","status-publish","format-standard","has-post-thumbnail","hentry","category-destacadas","category-nacional","tag-destacadas","tag-nacional"],"jetpack_featured_media_url":"https:\/\/rnoticias.com.mx\/Portal\/wp-content\/uploads\/2025\/06\/afp2025061149vd6cjv1previewusagentsprotestersclashagaininlosangelesoverimm-04b97aa8-focus-0-0-696-464.jpg","amp_enabled":true,"_links":{"self":[{"href":"https:\/\/rnoticias.com.mx\/Portal\/wp-json\/wp\/v2\/posts\/222070","targetHints":{"allow":["GET"]}}],"collection":[{"href":"https:\/\/rnoticias.com.mx\/Portal\/wp-json\/wp\/v2\/posts"}],"about":[{"href":"https:\/\/rnoticias.com.mx\/Portal\/wp-json\/wp\/v2\/types\/post"}],"author":[{"embeddable":true,"href":"https:\/\/rnoticias.com.mx\/Portal\/wp-json\/wp\/v2\/users\/2"}],"replies":[{"embeddable":true,"href":"https:\/\/rnoticias.com.mx\/Portal\/wp-json\/wp\/v2\/comments?post=222070"}],"version-history":[{"count":1,"href":"https:\/\/rnoticias.com.mx\/Portal\/wp-json\/wp\/v2\/posts\/222070\/revisions"}],"predecessor-version":[{"id":222072,"href":"https:\/\/rnoticias.com.mx\/Portal\/wp-json\/wp\/v2\/posts\/222070\/revisions\/222072"}],"wp:featuredmedia":[{"embeddable":true,"href":"https:\/\/rnoticias.com.mx\/Portal\/wp-json\/wp\/v2\/media\/222071"}],"wp:attachment":[{"href":"https:\/\/rnoticias.com.mx\/Portal\/wp-json\/wp\/v2\/media?parent=222070"}],"wp:term":[{"taxonomy":"category","embeddable":true,"href":"https:\/\/rnoticias.com.mx\/Portal\/wp-json\/wp\/v2\/categories?post=222070"},{"taxonomy":"post_tag","embeddable":true,"href":"https:\/\/rnoticias.com.mx\/Portal\/wp-json\/wp\/v2\/tags?post=222070"}],"curies":[{"name":"wp","href":"https:\/\/api.w.org\/{rel}","templated":true}]}}